{"id":208,"date":"2019-03-01T08:23:05","date_gmt":"2019-03-01T08:23:05","guid":{"rendered":"http:\/\/economiasocial.aupex.org\/?p=208"},"modified":"2019-03-01T08:23:05","modified_gmt":"2019-03-01T08:23:05","slug":"la-organizacion-nacional-de-ciegos-once-a-traves-de-su-delegacion-en-extremadura-colabora-con-aupex-en-el-proyecto-una-economia-social-sin-barreras","status":"publish","type":"post","link":"https:\/\/economiasocial.aupex.org\/index.php\/2019\/03\/01\/la-organizacion-nacional-de-ciegos-once-a-traves-de-su-delegacion-en-extremadura-colabora-con-aupex-en-el-proyecto-una-economia-social-sin-barreras\/","title":{"rendered":"LA ORGANIZACI\u00d3N NACIONAL DE CIEGOS (ONCE),  A TRAV\u00c9S DE SU DELEGACI\u00d3N EN EXTREMADURA, COLABORA CON AUPEX EN EL PROYECTO \u201cUNA ECONOM\u00cdA SOCIAL SIN BARRERAS\u201d"},"content":{"rendered":"<p align=\"justify\"><span style=\"font-size: medium;\"><span>Un nuevo aliado se ha incorporado <\/span><span>como colaborador en el <\/span><span>desarrollo del proyecto <\/span><span><a href=\"http:\/\/economiasocial.aupex.org\">\u201cUNA ECONOM\u00cdA SOCIAL SIN BARRERAS\u201d<\/a>, <\/span><span>que est\u00e1 llevando a cabo<\/span><a href=\"http:\/\/www.aupex.org\"><span><span><\/span> AUPEX<\/span><\/a><span>. <\/span><span>La Organizaci\u00f3n Nacional de Ciegos &#8211;<\/span><span><a href=\"http:\/\/www.once.es\">ONCE<\/a>&#8211;<\/span><span>, <\/span><span>a trav\u00e9s de su delegaci\u00f3n en<\/span><span><span><\/span> Extremadura, <\/span><span>prestar\u00e1 su colaboraci\u00f3n efectiva para la<\/span><span> ejecuci\u00f3n de este <\/span><span>P<\/span><span><span><\/span>royecto, dirigido a personas con discapacidad en la provincia de Badajoz. <\/span><\/span><\/p>\n<p align=\"justify\"><span style=\"font-size: medium;\"><span> <\/span><span><span><\/span>Jos\u00e9 Alberto Hidalgo, t\u00e9cnico de <a href=\"http:\/\/www.aupex.org\">A<\/a><\/span><span><span><\/span>UPEX y<\/span><span> responsable del <\/span><span>P<\/span><span><span><\/span>royecto, ha mantenido una reuni\u00f3n con Rosa Camacho, jefa del servicio a socios de la<a href=\"http:\/\/www.once.es\"> ONCE<\/a><span><\/span> y Lourdes Rom\u00e1n, t\u00e9cnico de empleo de esta organizaci\u00f3n. En este encuentro se han establecido lineas de colaboraci\u00f3n entre <a href=\"http:\/\/www.aupex.org\"><span><\/span>AUPEX<\/a> y la <a href=\"http:\/\/www.once.es\">ONCE<\/a>, con el fin de dar difusi\u00f3n al proyecto <\/span><span>y promocionar <\/span><span>a las<\/span><span> empresas de econom\u00eda social <\/span><span>como <\/span><span>f<\/span><span>\u00f3<\/span><span><span><\/span>rmula de generaci\u00f3n de empleo, <\/span><span>en general, y <\/span><span>entre los socios de la <a href=\"http:\/\/www.once.es\">ONCE<\/a><span><\/span> en Extremadura, <\/span><span>en particular.<\/span><\/span><\/p>\n<p align=\"justify\"><span style=\"font-size: medium;\"> El proyecto \u201cUNA ECONOM\u00cdA SOCIAL SIN BARRERAS\u201d est\u00e1 financiado por las <a href=\"http:\/\/www.fundacioncb.es\"><span><\/span>Fundaci\u00f3n CB<\/a> y la <a href=\"http:\/\/www.fundacionibercaja.es\"><span><\/span>Fundaci\u00f3n Ibercaja.<\/a> <\/span><\/p>\n","protected":false},"excerpt":{"rendered":"<p>Un nuevo aliado se ha incorporado como colaborador en el desarrollo del proyecto \u201cUNA ECONOM\u00cdA SOCIAL SIN BARRERAS\u201d, que est\u00e1 llevando a cabo AUPEX. La Organizaci\u00f3n Nacional de Ciegos &#8211;ONCE&#8211;, a trav\u00e9s de su delegaci\u00f3n en Extremadura, prestar\u00e1 su colaboraci\u00f3n efectiva para la ejecuci\u00f3n de este Proyecto, dirigido a personas [&hellip;]<\/p>\n","protected":false},"author":3,"featured_media":209,"comment_status":"closed","ping_status":"closed","sticky":false,"template":"","format":"standard","meta":{"jetpack_post_was_ever_published":false,"_jetpack_newsletter_access":"","_jetpack_dont_email_post_to_subs":false,"_jetpack_newsletter_tier_id":0,"_jetpack_memberships_contains_paywalled_content":false,"_jetpack_memberships_contains_paid_content":false,"footnotes":""},"categories":[10],"tags":[16,19],"class_list":["post-208","post","type-post","status-publish","format-standard","has-post-thumbnail","hentry","category-reuniones-con-ong","tag-reuniones-con-ong","tag-una-economia-social-sin-barreras"],"yoast_head":"<!-- This site is optimized with the Yoast SEO plugin v27.2 - https:\/\/yoast.com\/product\/yoast-seo-wordpress\/ -->\n<title>LA ORGANIZACI\u00d3N NACIONAL DE CIEGOS (ONCE), A TRAV\u00c9S DE SU DELEGACI\u00d3N EN EXTREMADURA, COLABORA CON AUPEX EN EL PROYECTO \u201cUNA ECONOM\u00cdA SOCIAL SIN BARRERAS\u201d - Econom\u00eda Social sin barreras<\/title>\n<meta name=\"robots\" content=\"index, follow, max-snippet:-1, max-image-preview:large, max-video-preview:-1\" \/>\n<link rel=\"canonical\" href=\"https:\/\/economiasocial.aupex.org\/index.php\/2019\/03\/01\/la-organizacion-nacional-de-ciegos-once-a-traves-de-su-delegacion-en-extremadura-colabora-con-aupex-en-el-proyecto-una-economia-social-sin-barreras\/\" \/>\n<meta property=\"og:locale\" content=\"es_ES\" \/>\n<meta property=\"og:type\" content=\"article\" \/>\n<meta property=\"og:title\" content=\"LA ORGANIZACI\u00d3N NACIONAL DE CIEGOS (ONCE), A TRAV\u00c9S DE SU DELEGACI\u00d3N EN EXTREMADURA, COLABORA CON AUPEX EN EL PROYECTO \u201cUNA ECONOM\u00cdA SOCIAL SIN BARRERAS\u201d - Econom\u00eda Social sin barreras\" \/>\n<meta property=\"og:description\" content=\"Un nuevo aliado se ha incorporado como colaborador en el desarrollo del proyecto \u201cUNA ECONOM\u00cdA SOCIAL SIN BARRERAS\u201d, que est\u00e1 llevando a cabo AUPEX. La Organizaci\u00f3n Nacional de Ciegos &#8211;ONCE&#8211;, a trav\u00e9s de su delegaci\u00f3n en Extremadura, prestar\u00e1 su colaboraci\u00f3n efectiva para la ejecuci\u00f3n de este Proyecto, dirigido a personas [&hellip;]\" \/>\n<meta property=\"og:url\" content=\"https:\/\/economiasocial.aupex.org\/index.php\/2019\/03\/01\/la-organizacion-nacional-de-ciegos-once-a-traves-de-su-delegacion-en-extremadura-colabora-con-aupex-en-el-proyecto-una-economia-social-sin-barreras\/\" \/>\n<meta property=\"og:site_name\" content=\"Econom\u00eda Social sin barreras\" \/>\n<meta property=\"article:published_time\" content=\"2019-03-01T08:23:05+00:00\" \/>\n<meta property=\"og:image\" content=\"https:\/\/i0.wp.com\/economiasocial.aupex.org\/wp-content\/uploads\/2019\/03\/IMG_0075-e1551428522785.jpg?fit=2448%2C3264&ssl=1\" \/>\n\t<meta property=\"og:image:width\" content=\"2448\" \/>\n\t<meta property=\"og:image:height\" content=\"3264\" \/>\n\t<meta property=\"og:image:type\" content=\"image\/jpeg\" \/>\n<meta name=\"author\" content=\"Econom\u00eda Social\" \/>\n<meta name=\"twitter:card\" content=\"summary_large_image\" \/>\n<meta name=\"twitter:label1\" content=\"Escrito por\" \/>\n\t<meta name=\"twitter:data1\" content=\"Econom\u00eda Social\" \/>\n\t<meta name=\"twitter:label2\" content=\"Tiempo de lectura\" \/>\n\t<meta name=\"twitter:data2\" content=\"1 minuto\" \/>\n<script type=\"application\/ld+json\" class=\"yoast-schema-graph\">{\"@context\":\"https:\/\/schema.org\",\"@graph\":[{\"@type\":\"Article\",\"@id\":\"https:\/\/economiasocial.aupex.org\/index.php\/2019\/03\/01\/la-organizacion-nacional-de-ciegos-once-a-traves-de-su-delegacion-en-extremadura-colabora-con-aupex-en-el-proyecto-una-economia-social-sin-barreras\/#article\",\"isPartOf\":{\"@id\":\"https:\/\/economiasocial.aupex.org\/index.php\/2019\/03\/01\/la-organizacion-nacional-de-ciegos-once-a-traves-de-su-delegacion-en-extremadura-colabora-con-aupex-en-el-proyecto-una-economia-social-sin-barreras\/\"},\"author\":{\"name\":\"Econom\u00eda Social\",\"@id\":\"https:\/\/economiasocial.aupex.org\/#\/schema\/person\/9ebdec46e663f28d5e794129fc259214\"},\"headline\":\"LA ORGANIZACI\u00d3N NACIONAL DE CIEGOS (ONCE), A TRAV\u00c9S DE SU DELEGACI\u00d3N EN EXTREMADURA, COLABORA CON AUPEX EN EL PROYECTO \u201cUNA ECONOM\u00cdA SOCIAL SIN BARRERAS\u201d\",\"datePublished\":\"2019-03-01T08:23:05+00:00\",\"mainEntityOfPage\":{\"@id\":\"https:\/\/economiasocial.aupex.org\/index.php\/2019\/03\/01\/la-organizacion-nacional-de-ciegos-once-a-traves-de-su-delegacion-en-extremadura-colabora-con-aupex-en-el-proyecto-una-economia-social-sin-barreras\/\"},\"wordCount\":208,\"publisher\":{\"@id\":\"https:\/\/economiasocial.aupex.org\/#organization\"},\"image\":{\"@id\":\"https:\/\/economiasocial.aupex.org\/index.php\/2019\/03\/01\/la-organizacion-nacional-de-ciegos-once-a-traves-de-su-delegacion-en-extremadura-colabora-con-aupex-en-el-proyecto-una-economia-social-sin-barreras\/#primaryimage\"},\"thumbnailUrl\":\"https:\/\/i0.wp.com\/economiasocial.aupex.org\/wp-content\/uploads\/2019\/03\/IMG_0075-e1551428522785.jpg?fit=2448%2C3264&ssl=1\",\"keywords\":[\"Reuniones con ONG\",\"Una econom\u00eda social sin barreras\"],\"articleSection\":[\"Reuniones con ONG\"],\"inLanguage\":\"es\"},{\"@type\":\"WebPage\",\"@id\":\"https:\/\/economiasocial.aupex.org\/index.php\/2019\/03\/01\/la-organizacion-nacional-de-ciegos-once-a-traves-de-su-delegacion-en-extremadura-colabora-con-aupex-en-el-proyecto-una-economia-social-sin-barreras\/\",\"url\":\"https:\/\/economiasocial.aupex.org\/index.php\/2019\/03\/01\/la-organizacion-nacional-de-ciegos-once-a-traves-de-su-delegacion-en-extremadura-colabora-con-aupex-en-el-proyecto-una-economia-social-sin-barreras\/\",\"name\":\"LA ORGANIZACI\u00d3N NACIONAL DE CIEGOS (ONCE), A TRAV\u00c9S DE SU DELEGACI\u00d3N EN EXTREMADURA, COLABORA CON AUPEX EN EL PROYECTO \u201cUNA ECONOM\u00cdA SOCIAL SIN BARRERAS\u201d - Econom\u00eda Social sin barreras\",\"isPartOf\":{\"@id\":\"https:\/\/economiasocial.aupex.org\/#website\"},\"primaryImageOfPage\":{\"@id\":\"https:\/\/economiasocial.aupex.org\/index.php\/2019\/03\/01\/la-organizacion-nacional-de-ciegos-once-a-traves-de-su-delegacion-en-extremadura-colabora-con-aupex-en-el-proyecto-una-economia-social-sin-barreras\/#primaryimage\"},\"image\":{\"@id\":\"https:\/\/economiasocial.aupex.org\/index.php\/2019\/03\/01\/la-organizacion-nacional-de-ciegos-once-a-traves-de-su-delegacion-en-extremadura-colabora-con-aupex-en-el-proyecto-una-economia-social-sin-barreras\/#primaryimage\"},\"thumbnailUrl\":\"https:\/\/i0.wp.com\/economiasocial.aupex.org\/wp-content\/uploads\/2019\/03\/IMG_0075-e1551428522785.jpg?fit=2448%2C3264&ssl=1\",\"datePublished\":\"2019-03-01T08:23:05+00:00\",\"breadcrumb\":{\"@id\":\"https:\/\/economiasocial.aupex.org\/index.php\/2019\/03\/01\/la-organizacion-nacional-de-ciegos-once-a-traves-de-su-delegacion-en-extremadura-colabora-con-aupex-en-el-proyecto-una-economia-social-sin-barreras\/#breadcrumb\"},\"inLanguage\":\"es\",\"potentialAction\":[{\"@type\":\"ReadAction\",\"target\":[\"https:\/\/economiasocial.aupex.org\/index.php\/2019\/03\/01\/la-organizacion-nacional-de-ciegos-once-a-traves-de-su-delegacion-en-extremadura-colabora-con-aupex-en-el-proyecto-una-economia-social-sin-barreras\/\"]}]},{\"@type\":\"ImageObject\",\"inLanguage\":\"es\",\"@id\":\"https:\/\/economiasocial.aupex.org\/index.php\/2019\/03\/01\/la-organizacion-nacional-de-ciegos-once-a-traves-de-su-delegacion-en-extremadura-colabora-con-aupex-en-el-proyecto-una-economia-social-sin-barreras\/#primaryimage\",\"url\":\"https:\/\/i0.wp.com\/economiasocial.aupex.org\/wp-content\/uploads\/2019\/03\/IMG_0075-e1551428522785.jpg?fit=2448%2C3264&ssl=1\",\"contentUrl\":\"https:\/\/i0.wp.com\/economiasocial.aupex.org\/wp-content\/uploads\/2019\/03\/IMG_0075-e1551428522785.jpg?fit=2448%2C3264&ssl=1\",\"width\":2448,\"height\":3264},{\"@type\":\"BreadcrumbList\",\"@id\":\"https:\/\/economiasocial.aupex.org\/index.php\/2019\/03\/01\/la-organizacion-nacional-de-ciegos-once-a-traves-de-su-delegacion-en-extremadura-colabora-con-aupex-en-el-proyecto-una-economia-social-sin-barreras\/#breadcrumb\",\"itemListElement\":[{\"@type\":\"ListItem\",\"position\":1,\"name\":\"Portada\",\"item\":\"https:\/\/economiasocial.aupex.org\/\"},{\"@type\":\"ListItem\",\"position\":2,\"name\":\"LA ORGANIZACI\u00d3N NACIONAL DE CIEGOS (ONCE), A TRAV\u00c9S DE SU DELEGACI\u00d3N EN EXTREMADURA, COLABORA CON AUPEX EN EL PROYECTO \u201cUNA ECONOM\u00cdA SOCIAL SIN BARRERAS\u201d\"}]},{\"@type\":\"WebSite\",\"@id\":\"https:\/\/economiasocial.aupex.org\/#website\",\"url\":\"https:\/\/economiasocial.aupex.org\/\",\"name\":\"Econom\u00eda Social sin barreras\",\"description\":\"Con las personas dependientes de Extremadura\",\"publisher\":{\"@id\":\"https:\/\/economiasocial.aupex.org\/#organization\"},\"potentialAction\":[{\"@type\":\"SearchAction\",\"target\":{\"@type\":\"EntryPoint\",\"urlTemplate\":\"https:\/\/economiasocial.aupex.org\/?s={search_term_string}\"},\"query-input\":{\"@type\":\"PropertyValueSpecification\",\"valueRequired\":true,\"valueName\":\"search_term_string\"}}],\"inLanguage\":\"es\"},{\"@type\":\"Organization\",\"@id\":\"https:\/\/economiasocial.aupex.org\/#organization\",\"name\":\"Econom\u00eda Social sin barreras\",\"url\":\"https:\/\/economiasocial.aupex.org\/\",\"logo\":{\"@type\":\"ImageObject\",\"inLanguage\":\"es\",\"@id\":\"https:\/\/economiasocial.aupex.org\/#\/schema\/logo\/image\/\",\"url\":\"https:\/\/i2.wp.com\/economiasocial.aupex.org\/wp-content\/uploads\/2020\/12\/ES_logo.png?fit=1139%2C363\",\"contentUrl\":\"https:\/\/i2.wp.com\/economiasocial.aupex.org\/wp-content\/uploads\/2020\/12\/ES_logo.png?fit=1139%2C363\",\"width\":1139,\"height\":363,\"caption\":\"Econom\u00eda Social sin barreras\"},\"image\":{\"@id\":\"https:\/\/economiasocial.aupex.org\/#\/schema\/logo\/image\/\"}},{\"@type\":\"Person\",\"@id\":\"https:\/\/economiasocial.aupex.org\/#\/schema\/person\/9ebdec46e663f28d5e794129fc259214\",\"name\":\"Econom\u00eda Social\",\"image\":{\"@type\":\"ImageObject\",\"inLanguage\":\"es\",\"@id\":\"https:\/\/secure.gravatar.com\/avatar\/d8eecb582fb2bf6b5b8845c01d75e2a61e371aaa7f84718735afa4ac7d8ae31d?s=96&d=mm&r=g\",\"url\":\"https:\/\/secure.gravatar.com\/avatar\/d8eecb582fb2bf6b5b8845c01d75e2a61e371aaa7f84718735afa4ac7d8ae31d?s=96&d=mm&r=g\",\"contentUrl\":\"https:\/\/secure.gravatar.com\/avatar\/d8eecb582fb2bf6b5b8845c01d75e2a61e371aaa7f84718735afa4ac7d8ae31d?s=96&d=mm&r=g\",\"caption\":\"Econom\u00eda Social\"},\"sameAs\":[\"http:\/\/www.aupex.org\"],\"url\":\"https:\/\/economiasocial.aupex.org\/index.php\/author\/economiasocial\/\"}]}<\/script>\n<!-- \/ Yoast SEO plugin. -->","yoast_head_json":{"title":"LA ORGANIZACI\u00d3N NACIONAL DE CIEGOS (ONCE), A TRAV\u00c9S DE SU DELEGACI\u00d3N EN EXTREMADURA, COLABORA CON AUPEX EN EL PROYECTO \u201cUNA ECONOM\u00cdA SOCIAL SIN BARRERAS\u201d - Econom\u00eda Social sin barreras","robots":{"index":"index","follow":"follow","max-snippet":"max-snippet:-1","max-image-preview":"max-image-preview:large","max-video-preview":"max-video-preview:-1"},"canonical":"https:\/\/economiasocial.aupex.org\/index.php\/2019\/03\/01\/la-organizacion-nacional-de-ciegos-once-a-traves-de-su-delegacion-en-extremadura-colabora-con-aupex-en-el-proyecto-una-economia-social-sin-barreras\/","og_locale":"es_ES","og_type":"article","og_title":"LA ORGANIZACI\u00d3N NACIONAL DE CIEGOS (ONCE), A TRAV\u00c9S DE SU DELEGACI\u00d3N EN EXTREMADURA, COLABORA CON AUPEX EN EL PROYECTO \u201cUNA ECONOM\u00cdA SOCIAL SIN BARRERAS\u201d - Econom\u00eda Social sin barreras","og_description":"Un nuevo aliado se ha incorporado como colaborador en el desarrollo del proyecto \u201cUNA ECONOM\u00cdA SOCIAL SIN BARRERAS\u201d, que est\u00e1 llevando a cabo AUPEX. La Organizaci\u00f3n Nacional de Ciegos &#8211;ONCE&#8211;, a trav\u00e9s de su delegaci\u00f3n en Extremadura, prestar\u00e1 su colaboraci\u00f3n efectiva para la ejecuci\u00f3n de este Proyecto, dirigido a personas [&hellip;]","og_url":"https:\/\/economiasocial.aupex.org\/index.php\/2019\/03\/01\/la-organizacion-nacional-de-ciegos-once-a-traves-de-su-delegacion-en-extremadura-colabora-con-aupex-en-el-proyecto-una-economia-social-sin-barreras\/","og_site_name":"Econom\u00eda Social sin barreras","article_published_time":"2019-03-01T08:23:05+00:00","og_image":[{"width":2448,"height":3264,"url":"https:\/\/i0.wp.com\/economiasocial.aupex.org\/wp-content\/uploads\/2019\/03\/IMG_0075-e1551428522785.jpg?fit=2448%2C3264&ssl=1","type":"image\/jpeg"}],"author":"Econom\u00eda Social","twitter_card":"summary_large_image","twitter_misc":{"Escrito por":"Econom\u00eda Social","Tiempo de lectura":"1 minuto"},"schema":{"@context":"https:\/\/schema.org","@graph":[{"@type":"Article","@id":"https:\/\/economiasocial.aupex.org\/index.php\/2019\/03\/01\/la-organizacion-nacional-de-ciegos-once-a-traves-de-su-delegacion-en-extremadura-colabora-con-aupex-en-el-proyecto-una-economia-social-sin-barreras\/#article","isPartOf":{"@id":"https:\/\/economiasocial.aupex.org\/index.php\/2019\/03\/01\/la-organizacion-nacional-de-ciegos-once-a-traves-de-su-delegacion-en-extremadura-colabora-con-aupex-en-el-proyecto-una-economia-social-sin-barreras\/"},"author":{"name":"Econom\u00eda Social","@id":"https:\/\/economiasocial.aupex.org\/#\/schema\/person\/9ebdec46e663f28d5e794129fc259214"},"headline":"LA ORGANIZACI\u00d3N NACIONAL DE CIEGOS (ONCE), A TRAV\u00c9S DE SU DELEGACI\u00d3N EN EXTREMADURA, COLABORA CON AUPEX EN EL PROYECTO \u201cUNA ECONOM\u00cdA SOCIAL SIN BARRERAS\u201d","datePublished":"2019-03-01T08:23:05+00:00","mainEntityOfPage":{"@id":"https:\/\/economiasocial.aupex.org\/index.php\/2019\/03\/01\/la-organizacion-nacional-de-ciegos-once-a-traves-de-su-delegacion-en-extremadura-colabora-con-aupex-en-el-proyecto-una-economia-social-sin-barreras\/"},"wordCount":208,"publisher":{"@id":"https:\/\/economiasocial.aupex.org\/#organization"},"image":{"@id":"https:\/\/economiasocial.aupex.org\/index.php\/2019\/03\/01\/la-organizacion-nacional-de-ciegos-once-a-traves-de-su-delegacion-en-extremadura-colabora-con-aupex-en-el-proyecto-una-economia-social-sin-barreras\/#primaryimage"},"thumbnailUrl":"https:\/\/i0.wp.com\/economiasocial.aupex.org\/wp-content\/uploads\/2019\/03\/IMG_0075-e1551428522785.jpg?fit=2448%2C3264&ssl=1","keywords":["Reuniones con ONG","Una econom\u00eda social sin barreras"],"articleSection":["Reuniones con ONG"],"inLanguage":"es"},{"@type":"WebPage","@id":"https:\/\/economiasocial.aupex.org\/index.php\/2019\/03\/01\/la-organizacion-nacional-de-ciegos-once-a-traves-de-su-delegacion-en-extremadura-colabora-con-aupex-en-el-proyecto-una-economia-social-sin-barreras\/","url":"https:\/\/economiasocial.aupex.org\/index.php\/2019\/03\/01\/la-organizacion-nacional-de-ciegos-once-a-traves-de-su-delegacion-en-extremadura-colabora-con-aupex-en-el-proyecto-una-economia-social-sin-barreras\/","name":"LA ORGANIZACI\u00d3N NACIONAL DE CIEGOS (ONCE), A TRAV\u00c9S DE SU DELEGACI\u00d3N EN EXTREMADURA, COLABORA CON AUPEX EN EL PROYECTO \u201cUNA ECONOM\u00cdA SOCIAL SIN BARRERAS\u201d - Econom\u00eda Social sin barreras","isPartOf":{"@id":"https:\/\/economiasocial.aupex.org\/#website"},"primaryImageOfPage":{"@id":"https:\/\/economiasocial.aupex.org\/index.php\/2019\/03\/01\/la-organizacion-nacional-de-ciegos-once-a-traves-de-su-delegacion-en-extremadura-colabora-con-aupex-en-el-proyecto-una-economia-social-sin-barreras\/#primaryimage"},"image":{"@id":"https:\/\/economiasocial.aupex.org\/index.php\/2019\/03\/01\/la-organizacion-nacional-de-ciegos-once-a-traves-de-su-delegacion-en-extremadura-colabora-con-aupex-en-el-proyecto-una-economia-social-sin-barreras\/#primaryimage"},"thumbnailUrl":"https:\/\/i0.wp.com\/economiasocial.aupex.org\/wp-content\/uploads\/2019\/03\/IMG_0075-e1551428522785.jpg?fit=2448%2C3264&ssl=1","datePublished":"2019-03-01T08:23:05+00:00","breadcrumb":{"@id":"https:\/\/economiasocial.aupex.org\/index.php\/2019\/03\/01\/la-organizacion-nacional-de-ciegos-once-a-traves-de-su-delegacion-en-extremadura-colabora-con-aupex-en-el-proyecto-una-economia-social-sin-barreras\/#breadcrumb"},"inLanguage":"es","potentialAction":[{"@type":"ReadAction","target":["https:\/\/economiasocial.aupex.org\/index.php\/2019\/03\/01\/la-organizacion-nacional-de-ciegos-once-a-traves-de-su-delegacion-en-extremadura-colabora-con-aupex-en-el-proyecto-una-economia-social-sin-barreras\/"]}]},{"@type":"ImageObject","inLanguage":"es","@id":"https:\/\/economiasocial.aupex.org\/index.php\/2019\/03\/01\/la-organizacion-nacional-de-ciegos-once-a-traves-de-su-delegacion-en-extremadura-colabora-con-aupex-en-el-proyecto-una-economia-social-sin-barreras\/#primaryimage","url":"https:\/\/i0.wp.com\/economiasocial.aupex.org\/wp-content\/uploads\/2019\/03\/IMG_0075-e1551428522785.jpg?fit=2448%2C3264&ssl=1","contentUrl":"https:\/\/i0.wp.com\/economiasocial.aupex.org\/wp-content\/uploads\/2019\/03\/IMG_0075-e1551428522785.jpg?fit=2448%2C3264&ssl=1","width":2448,"height":3264},{"@type":"BreadcrumbList","@id":"https:\/\/economiasocial.aupex.org\/index.php\/2019\/03\/01\/la-organizacion-nacional-de-ciegos-once-a-traves-de-su-delegacion-en-extremadura-colabora-con-aupex-en-el-proyecto-una-economia-social-sin-barreras\/#breadcrumb","itemListElement":[{"@type":"ListItem","position":1,"name":"Portada","item":"https:\/\/economiasocial.aupex.org\/"},{"@type":"ListItem","position":2,"name":"LA ORGANIZACI\u00d3N NACIONAL DE CIEGOS (ONCE), A TRAV\u00c9S DE SU DELEGACI\u00d3N EN EXTREMADURA, COLABORA CON AUPEX EN EL PROYECTO \u201cUNA ECONOM\u00cdA SOCIAL SIN BARRERAS\u201d"}]},{"@type":"WebSite","@id":"https:\/\/economiasocial.aupex.org\/#website","url":"https:\/\/economiasocial.aupex.org\/","name":"Econom\u00eda Social sin barreras","description":"Con las personas dependientes de Extremadura","publisher":{"@id":"https:\/\/economiasocial.aupex.org\/#organization"},"potentialAction":[{"@type":"SearchAction","target":{"@type":"EntryPoint","urlTemplate":"https:\/\/economiasocial.aupex.org\/?s={search_term_string}"},"query-input":{"@type":"PropertyValueSpecification","valueRequired":true,"valueName":"search_term_string"}}],"inLanguage":"es"},{"@type":"Organization","@id":"https:\/\/economiasocial.aupex.org\/#organization","name":"Econom\u00eda Social sin barreras","url":"https:\/\/economiasocial.aupex.org\/","logo":{"@type":"ImageObject","inLanguage":"es","@id":"https:\/\/economiasocial.aupex.org\/#\/schema\/logo\/image\/","url":"https:\/\/i2.wp.com\/economiasocial.aupex.org\/wp-content\/uploads\/2020\/12\/ES_logo.png?fit=1139%2C363","contentUrl":"https:\/\/i2.wp.com\/economiasocial.aupex.org\/wp-content\/uploads\/2020\/12\/ES_logo.png?fit=1139%2C363","width":1139,"height":363,"caption":"Econom\u00eda Social sin barreras"},"image":{"@id":"https:\/\/economiasocial.aupex.org\/#\/schema\/logo\/image\/"}},{"@type":"Person","@id":"https:\/\/economiasocial.aupex.org\/#\/schema\/person\/9ebdec46e663f28d5e794129fc259214","name":"Econom\u00eda Social","image":{"@type":"ImageObject","inLanguage":"es","@id":"https:\/\/secure.gravatar.com\/avatar\/d8eecb582fb2bf6b5b8845c01d75e2a61e371aaa7f84718735afa4ac7d8ae31d?s=96&d=mm&r=g","url":"https:\/\/secure.gravatar.com\/avatar\/d8eecb582fb2bf6b5b8845c01d75e2a61e371aaa7f84718735afa4ac7d8ae31d?s=96&d=mm&r=g","contentUrl":"https:\/\/secure.gravatar.com\/avatar\/d8eecb582fb2bf6b5b8845c01d75e2a61e371aaa7f84718735afa4ac7d8ae31d?s=96&d=mm&r=g","caption":"Econom\u00eda Social"},"sameAs":["http:\/\/www.aupex.org"],"url":"https:\/\/economiasocial.aupex.org\/index.php\/author\/economiasocial\/"}]}},"jetpack_featured_media_url":"https:\/\/i0.wp.com\/economiasocial.aupex.org\/wp-content\/uploads\/2019\/03\/IMG_0075-e1551428522785.jpg?fit=2448%2C3264&ssl=1","jetpack_shortlink":"https:\/\/wp.me\/pasIM4-3m","jetpack-related-posts":[],"jetpack_sharing_enabled":true,"_links":{"self":[{"href":"https:\/\/economiasocial.aupex.org\/index.php\/wp-json\/wp\/v2\/posts\/208","targetHints":{"allow":["GET"]}}],"collection":[{"href":"https:\/\/economiasocial.aupex.org\/index.php\/wp-json\/wp\/v2\/posts"}],"about":[{"href":"https:\/\/economiasocial.aupex.org\/index.php\/wp-json\/wp\/v2\/types\/post"}],"author":[{"embeddable":true,"href":"https:\/\/economiasocial.aupex.org\/index.php\/wp-json\/wp\/v2\/users\/3"}],"replies":[{"embeddable":true,"href":"https:\/\/economiasocial.aupex.org\/index.php\/wp-json\/wp\/v2\/comments?post=208"}],"version-history":[{"count":1,"href":"https:\/\/economiasocial.aupex.org\/index.php\/wp-json\/wp\/v2\/posts\/208\/revisions"}],"predecessor-version":[{"id":210,"href":"https:\/\/economiasocial.aupex.org\/index.php\/wp-json\/wp\/v2\/posts\/208\/revisions\/210"}],"wp:featuredmedia":[{"embeddable":true,"href":"https:\/\/economiasocial.aupex.org\/index.php\/wp-json\/wp\/v2\/media\/209"}],"wp:attachment":[{"href":"https:\/\/economiasocial.aupex.org\/index.php\/wp-json\/wp\/v2\/media?parent=208"}],"wp:term":[{"taxonomy":"category","embeddable":true,"href":"https:\/\/economiasocial.aupex.org\/index.php\/wp-json\/wp\/v2\/categories?post=208"},{"taxonomy":"post_tag","embeddable":true,"href":"https:\/\/economiasocial.aupex.org\/index.php\/wp-json\/wp\/v2\/tags?post=208"}],"curies":[{"name":"wp","href":"https:\/\/api.w.org\/{rel}","templated":true}]}}