{"id":212,"date":"2019-03-12T09:16:53","date_gmt":"2019-03-12T09:16:53","guid":{"rendered":"http:\/\/economiasocial.aupex.org\/?p=212"},"modified":"2019-03-12T09:16:53","modified_gmt":"2019-03-12T09:16:53","slug":"reunion-con-las-universidades-populares-de-monesterio-y-zafra","status":"publish","type":"post","link":"https:\/\/economiasocial.aupex.org\/index.php\/2019\/03\/12\/reunion-con-las-universidades-populares-de-monesterio-y-zafra\/","title":{"rendered":"REUNI\u00d3N CON LAS UNIVERSIDADES POPULARES DE MONESTERIO Y ZAFRA"},"content":{"rendered":"<p>Con el fin de seguir construyendo el \u00e1mbito del trabajo colaborativo en torno al desarrollo del proyecto \u201c<a href=\"http:\/\/economiasocial.aupex.org\">UNA ECONOM\u00cdA SOCIAL SIN BARRERAS<\/a><span><\/span>\u201d, hemos mantenido reuniones con las Universidades Populares de Monesterio y Zafra. Compartir los objetivos, poner en com\u00fan los fines del proyecto y sentar las bases para un trabajo conjunto y colaborativo, han sido las metas perseguidas en esta reuni\u00f3n. De esta forma podremos trasladar a los emprendedores y a las personas con discapacidad de dichas localidades la importancia, y hacerlos part\u00edcipes directos, de las posibilidades que ofrecen las empresas de econom\u00eda social para la generaci\u00f3n de empleo en nuestra regi\u00f3n<br \/>\nEl proyecto \u201cUNA ECONOM\u00cdA SOCIAL SIN BARRERAS\u201d est\u00e1 financiado por las <a href=\"http:\/\/www.fundacioncb.es\"><span><\/span>Fundaci\u00f3n CB<\/a> y la <a href=\"http:\/\/www.fundacionibercaja.es\"><span><\/span>Fundaci\u00f3n Ibercaja.<\/a><\/p>\n<p><img data-recalc-dims=\"1\" loading=\"lazy\" decoding=\"async\" data-attachment-id=\"213\" data-permalink=\"https:\/\/economiasocial.aupex.org\/index.php\/2019\/03\/12\/reunion-con-las-universidades-populares-de-monesterio-y-zafra\/img_0113\/\" data-orig-file=\"https:\/\/i0.wp.com\/economiasocial.aupex.org\/wp-content\/uploads\/2019\/03\/IMG_0113-e1552381914699.jpg?fit=2448%2C3264&amp;ssl=1\" data-orig-size=\"2448,3264\" data-comments-opened=\"0\" data-image-meta=\"{&quot;aperture&quot;:&quot;2.2&quot;,&quot;credit&quot;:&quot;&quot;,&quot;camera&quot;:&quot;iPhone 6&quot;,&quot;caption&quot;:&quot;&quot;,&quot;created_timestamp&quot;:&quot;1551955148&quot;,&quot;copyright&quot;:&quot;&quot;,&quot;focal_length&quot;:&quot;4.15&quot;,&quot;iso&quot;:&quot;32&quot;,&quot;shutter_speed&quot;:&quot;0.0042918454935622&quot;,&quot;title&quot;:&quot;&quot;,&quot;orientation&quot;:&quot;6&quot;}\" data-image-title=\"IMG_0113\" data-image-description=\"\" data-image-caption=\"\" data-medium-file=\"https:\/\/i0.wp.com\/economiasocial.aupex.org\/wp-content\/uploads\/2019\/03\/IMG_0113-e1552381914699.jpg?fit=225%2C300&amp;ssl=1\" data-large-file=\"https:\/\/i0.wp.com\/economiasocial.aupex.org\/wp-content\/uploads\/2019\/03\/IMG_0113-e1552381914699.jpg?fit=750%2C1000&amp;ssl=1\" src=\"https:\/\/i0.wp.com\/economiasocial.aupex.org\/wp-content\/uploads\/2019\/03\/IMG_0113-e1552381914699-225x300.jpg?resize=225%2C300\" alt=\"\" class=\"alignnone wp-image-213 size-medium\" width=\"225\" height=\"300\" srcset=\"https:\/\/i0.wp.com\/economiasocial.aupex.org\/wp-content\/uploads\/2019\/03\/IMG_0113-e1552381914699.jpg?resize=225%2C300&amp;ssl=1 225w, https:\/\/i0.wp.com\/economiasocial.aupex.org\/wp-content\/uploads\/2019\/03\/IMG_0113-e1552381914699.jpg?resize=768%2C1024&amp;ssl=1 768w, https:\/\/i0.wp.com\/economiasocial.aupex.org\/wp-content\/uploads\/2019\/03\/IMG_0113-e1552381914699.jpg?w=1500 1500w, https:\/\/i0.wp.com\/economiasocial.aupex.org\/wp-content\/uploads\/2019\/03\/IMG_0113-e1552381914699.jpg?w=2250 2250w\" sizes=\"auto, (max-width: 225px) 100vw, 225px\" \/><\/p>\n","protected":false},"excerpt":{"rendered":"<p>Con el fin de seguir construyendo el \u00e1mbito del trabajo colaborativo en torno al desarrollo del proyecto \u201cUNA ECONOM\u00cdA SOCIAL SIN BARRERAS\u201d, hemos mantenido reuniones con las Universidades Populares de Monesterio y Zafra. Compartir los objetivos, poner en com\u00fan los fines del proyecto y sentar las bases para un trabajo [&hellip;]<\/p>\n","protected":false},"author":3,"featured_media":214,"comment_status":"closed","ping_status":"closed","sticky":false,"template":"","format":"standard","meta":{"jetpack_post_was_ever_published":false,"_jetpack_newsletter_access":"","_jetpack_dont_email_post_to_subs":false,"_jetpack_newsletter_tier_id":0,"_jetpack_memberships_contains_paywalled_content":false,"_jetpack_memberships_contains_paid_content":false,"footnotes":""},"categories":[10],"tags":[16,19],"class_list":["post-212","post","type-post","status-publish","format-standard","has-post-thumbnail","hentry","category-reuniones-con-ong","tag-reuniones-con-ong","tag-una-economia-social-sin-barreras"],"yoast_head":"<!-- This site is optimized with the Yoast SEO plugin v27.2 - https:\/\/yoast.com\/product\/yoast-seo-wordpress\/ -->\n<title>REUNI\u00d3N CON LAS UNIVERSIDADES POPULARES DE MONESTERIO Y ZAFRA - Econom\u00eda Social sin barreras<\/title>\n<meta name=\"robots\" content=\"index, follow, max-snippet:-1, max-image-preview:large, max-video-preview:-1\" \/>\n<link rel=\"canonical\" href=\"https:\/\/economiasocial.aupex.org\/index.php\/2019\/03\/12\/reunion-con-las-universidades-populares-de-monesterio-y-zafra\/\" \/>\n<meta property=\"og:locale\" content=\"es_ES\" \/>\n<meta property=\"og:type\" content=\"article\" \/>\n<meta property=\"og:title\" content=\"REUNI\u00d3N CON LAS UNIVERSIDADES POPULARES DE MONESTERIO Y ZAFRA - Econom\u00eda Social sin barreras\" \/>\n<meta property=\"og:description\" content=\"Con el fin de seguir construyendo el \u00e1mbito del trabajo colaborativo en torno al desarrollo del proyecto \u201cUNA ECONOM\u00cdA SOCIAL SIN BARRERAS\u201d, hemos mantenido reuniones con las Universidades Populares de Monesterio y Zafra. Compartir los objetivos, poner en com\u00fan los fines del proyecto y sentar las bases para un trabajo [&hellip;]\" \/>\n<meta property=\"og:url\" content=\"https:\/\/economiasocial.aupex.org\/index.php\/2019\/03\/12\/reunion-con-las-universidades-populares-de-monesterio-y-zafra\/\" \/>\n<meta property=\"og:site_name\" content=\"Econom\u00eda Social sin barreras\" \/>\n<meta property=\"article:published_time\" content=\"2019-03-12T09:16:53+00:00\" \/>\n<meta property=\"og:image\" content=\"https:\/\/i0.wp.com\/economiasocial.aupex.org\/wp-content\/uploads\/2019\/03\/IMG_0117-e1552381968991.jpg?fit=2448%2C3264&ssl=1\" \/>\n\t<meta property=\"og:image:width\" content=\"2448\" \/>\n\t<meta property=\"og:image:height\" content=\"3264\" \/>\n\t<meta property=\"og:image:type\" content=\"image\/jpeg\" \/>\n<meta name=\"author\" content=\"Econom\u00eda Social\" \/>\n<meta name=\"twitter:card\" content=\"summary_large_image\" \/>\n<meta name=\"twitter:label1\" content=\"Escrito por\" \/>\n\t<meta name=\"twitter:data1\" content=\"Econom\u00eda Social\" \/>\n\t<meta name=\"twitter:label2\" content=\"Tiempo de lectura\" \/>\n\t<meta name=\"twitter:data2\" content=\"1 minuto\" \/>\n<script type=\"application\/ld+json\" class=\"yoast-schema-graph\">{\"@context\":\"https:\/\/schema.org\",\"@graph\":[{\"@type\":\"Article\",\"@id\":\"https:\/\/economiasocial.aupex.org\/index.php\/2019\/03\/12\/reunion-con-las-universidades-populares-de-monesterio-y-zafra\/#article\",\"isPartOf\":{\"@id\":\"https:\/\/economiasocial.aupex.org\/index.php\/2019\/03\/12\/reunion-con-las-universidades-populares-de-monesterio-y-zafra\/\"},\"author\":{\"name\":\"Econom\u00eda Social\",\"@id\":\"https:\/\/economiasocial.aupex.org\/#\/schema\/person\/9ebdec46e663f28d5e794129fc259214\"},\"headline\":\"REUNI\u00d3N CON LAS UNIVERSIDADES POPULARES DE MONESTERIO Y ZAFRA\",\"datePublished\":\"2019-03-12T09:16:53+00:00\",\"mainEntityOfPage\":{\"@id\":\"https:\/\/economiasocial.aupex.org\/index.php\/2019\/03\/12\/reunion-con-las-universidades-populares-de-monesterio-y-zafra\/\"},\"wordCount\":139,\"publisher\":{\"@id\":\"https:\/\/economiasocial.aupex.org\/#organization\"},\"image\":{\"@id\":\"https:\/\/economiasocial.aupex.org\/index.php\/2019\/03\/12\/reunion-con-las-universidades-populares-de-monesterio-y-zafra\/#primaryimage\"},\"thumbnailUrl\":\"https:\/\/i0.wp.com\/economiasocial.aupex.org\/wp-content\/uploads\/2019\/03\/IMG_0117-e1552381968991.jpg?fit=2448%2C3264&ssl=1\",\"keywords\":[\"Reuniones con ONG\",\"Una econom\u00eda social sin barreras\"],\"articleSection\":[\"Reuniones con ONG\"],\"inLanguage\":\"es\"},{\"@type\":\"WebPage\",\"@id\":\"https:\/\/economiasocial.aupex.org\/index.php\/2019\/03\/12\/reunion-con-las-universidades-populares-de-monesterio-y-zafra\/\",\"url\":\"https:\/\/economiasocial.aupex.org\/index.php\/2019\/03\/12\/reunion-con-las-universidades-populares-de-monesterio-y-zafra\/\",\"name\":\"REUNI\u00d3N CON LAS UNIVERSIDADES POPULARES DE MONESTERIO Y ZAFRA - Econom\u00eda Social sin barreras\",\"isPartOf\":{\"@id\":\"https:\/\/economiasocial.aupex.org\/#website\"},\"primaryImageOfPage\":{\"@id\":\"https:\/\/economiasocial.aupex.org\/index.php\/2019\/03\/12\/reunion-con-las-universidades-populares-de-monesterio-y-zafra\/#primaryimage\"},\"image\":{\"@id\":\"https:\/\/economiasocial.aupex.org\/index.php\/2019\/03\/12\/reunion-con-las-universidades-populares-de-monesterio-y-zafra\/#primaryimage\"},\"thumbnailUrl\":\"https:\/\/i0.wp.com\/economiasocial.aupex.org\/wp-content\/uploads\/2019\/03\/IMG_0117-e1552381968991.jpg?fit=2448%2C3264&ssl=1\",\"datePublished\":\"2019-03-12T09:16:53+00:00\",\"breadcrumb\":{\"@id\":\"https:\/\/economiasocial.aupex.org\/index.php\/2019\/03\/12\/reunion-con-las-universidades-populares-de-monesterio-y-zafra\/#breadcrumb\"},\"inLanguage\":\"es\",\"potentialAction\":[{\"@type\":\"ReadAction\",\"target\":[\"https:\/\/economiasocial.aupex.org\/index.php\/2019\/03\/12\/reunion-con-las-universidades-populares-de-monesterio-y-zafra\/\"]}]},{\"@type\":\"ImageObject\",\"inLanguage\":\"es\",\"@id\":\"https:\/\/economiasocial.aupex.org\/index.php\/2019\/03\/12\/reunion-con-las-universidades-populares-de-monesterio-y-zafra\/#primaryimage\",\"url\":\"https:\/\/i0.wp.com\/economiasocial.aupex.org\/wp-content\/uploads\/2019\/03\/IMG_0117-e1552381968991.jpg?fit=2448%2C3264&ssl=1\",\"contentUrl\":\"https:\/\/i0.wp.com\/economiasocial.aupex.org\/wp-content\/uploads\/2019\/03\/IMG_0117-e1552381968991.jpg?fit=2448%2C3264&ssl=1\",\"width\":2448,\"height\":3264},{\"@type\":\"BreadcrumbList\",\"@id\":\"https:\/\/economiasocial.aupex.org\/index.php\/2019\/03\/12\/reunion-con-las-universidades-populares-de-monesterio-y-zafra\/#breadcrumb\",\"itemListElement\":[{\"@type\":\"ListItem\",\"position\":1,\"name\":\"Portada\",\"item\":\"https:\/\/economiasocial.aupex.org\/\"},{\"@type\":\"ListItem\",\"position\":2,\"name\":\"REUNI\u00d3N CON LAS UNIVERSIDADES POPULARES DE MONESTERIO Y ZAFRA\"}]},{\"@type\":\"WebSite\",\"@id\":\"https:\/\/economiasocial.aupex.org\/#website\",\"url\":\"https:\/\/economiasocial.aupex.org\/\",\"name\":\"Econom\u00eda Social sin barreras\",\"description\":\"Con las personas dependientes de Extremadura\",\"publisher\":{\"@id\":\"https:\/\/economiasocial.aupex.org\/#organization\"},\"potentialAction\":[{\"@type\":\"SearchAction\",\"target\":{\"@type\":\"EntryPoint\",\"urlTemplate\":\"https:\/\/economiasocial.aupex.org\/?s={search_term_string}\"},\"query-input\":{\"@type\":\"PropertyValueSpecification\",\"valueRequired\":true,\"valueName\":\"search_term_string\"}}],\"inLanguage\":\"es\"},{\"@type\":\"Organization\",\"@id\":\"https:\/\/economiasocial.aupex.org\/#organization\",\"name\":\"Econom\u00eda Social sin barreras\",\"url\":\"https:\/\/economiasocial.aupex.org\/\",\"logo\":{\"@type\":\"ImageObject\",\"inLanguage\":\"es\",\"@id\":\"https:\/\/economiasocial.aupex.org\/#\/schema\/logo\/image\/\",\"url\":\"https:\/\/i2.wp.com\/economiasocial.aupex.org\/wp-content\/uploads\/2020\/12\/ES_logo.png?fit=1139%2C363\",\"contentUrl\":\"https:\/\/i2.wp.com\/economiasocial.aupex.org\/wp-content\/uploads\/2020\/12\/ES_logo.png?fit=1139%2C363\",\"width\":1139,\"height\":363,\"caption\":\"Econom\u00eda Social sin barreras\"},\"image\":{\"@id\":\"https:\/\/economiasocial.aupex.org\/#\/schema\/logo\/image\/\"}},{\"@type\":\"Person\",\"@id\":\"https:\/\/economiasocial.aupex.org\/#\/schema\/person\/9ebdec46e663f28d5e794129fc259214\",\"name\":\"Econom\u00eda Social\",\"image\":{\"@type\":\"ImageObject\",\"inLanguage\":\"es\",\"@id\":\"https:\/\/secure.gravatar.com\/avatar\/d8eecb582fb2bf6b5b8845c01d75e2a61e371aaa7f84718735afa4ac7d8ae31d?s=96&d=mm&r=g\",\"url\":\"https:\/\/secure.gravatar.com\/avatar\/d8eecb582fb2bf6b5b8845c01d75e2a61e371aaa7f84718735afa4ac7d8ae31d?s=96&d=mm&r=g\",\"contentUrl\":\"https:\/\/secure.gravatar.com\/avatar\/d8eecb582fb2bf6b5b8845c01d75e2a61e371aaa7f84718735afa4ac7d8ae31d?s=96&d=mm&r=g\",\"caption\":\"Econom\u00eda Social\"},\"sameAs\":[\"http:\/\/www.aupex.org\"],\"url\":\"https:\/\/economiasocial.aupex.org\/index.php\/author\/economiasocial\/\"}]}<\/script>\n<!-- \/ Yoast SEO plugin. -->","yoast_head_json":{"title":"REUNI\u00d3N CON LAS UNIVERSIDADES POPULARES DE MONESTERIO Y ZAFRA - Econom\u00eda Social sin barreras","robots":{"index":"index","follow":"follow","max-snippet":"max-snippet:-1","max-image-preview":"max-image-preview:large","max-video-preview":"max-video-preview:-1"},"canonical":"https:\/\/economiasocial.aupex.org\/index.php\/2019\/03\/12\/reunion-con-las-universidades-populares-de-monesterio-y-zafra\/","og_locale":"es_ES","og_type":"article","og_title":"REUNI\u00d3N CON LAS UNIVERSIDADES POPULARES DE MONESTERIO Y ZAFRA - Econom\u00eda Social sin barreras","og_description":"Con el fin de seguir construyendo el \u00e1mbito del trabajo colaborativo en torno al desarrollo del proyecto \u201cUNA ECONOM\u00cdA SOCIAL SIN BARRERAS\u201d, hemos mantenido reuniones con las Universidades Populares de Monesterio y Zafra. Compartir los objetivos, poner en com\u00fan los fines del proyecto y sentar las bases para un trabajo [&hellip;]","og_url":"https:\/\/economiasocial.aupex.org\/index.php\/2019\/03\/12\/reunion-con-las-universidades-populares-de-monesterio-y-zafra\/","og_site_name":"Econom\u00eda Social sin barreras","article_published_time":"2019-03-12T09:16:53+00:00","og_image":[{"width":2448,"height":3264,"url":"https:\/\/i0.wp.com\/economiasocial.aupex.org\/wp-content\/uploads\/2019\/03\/IMG_0117-e1552381968991.jpg?fit=2448%2C3264&ssl=1","type":"image\/jpeg"}],"author":"Econom\u00eda Social","twitter_card":"summary_large_image","twitter_misc":{"Escrito por":"Econom\u00eda Social","Tiempo de lectura":"1 minuto"},"schema":{"@context":"https:\/\/schema.org","@graph":[{"@type":"Article","@id":"https:\/\/economiasocial.aupex.org\/index.php\/2019\/03\/12\/reunion-con-las-universidades-populares-de-monesterio-y-zafra\/#article","isPartOf":{"@id":"https:\/\/economiasocial.aupex.org\/index.php\/2019\/03\/12\/reunion-con-las-universidades-populares-de-monesterio-y-zafra\/"},"author":{"name":"Econom\u00eda Social","@id":"https:\/\/economiasocial.aupex.org\/#\/schema\/person\/9ebdec46e663f28d5e794129fc259214"},"headline":"REUNI\u00d3N CON LAS UNIVERSIDADES POPULARES DE MONESTERIO Y ZAFRA","datePublished":"2019-03-12T09:16:53+00:00","mainEntityOfPage":{"@id":"https:\/\/economiasocial.aupex.org\/index.php\/2019\/03\/12\/reunion-con-las-universidades-populares-de-monesterio-y-zafra\/"},"wordCount":139,"publisher":{"@id":"https:\/\/economiasocial.aupex.org\/#organization"},"image":{"@id":"https:\/\/economiasocial.aupex.org\/index.php\/2019\/03\/12\/reunion-con-las-universidades-populares-de-monesterio-y-zafra\/#primaryimage"},"thumbnailUrl":"https:\/\/i0.wp.com\/economiasocial.aupex.org\/wp-content\/uploads\/2019\/03\/IMG_0117-e1552381968991.jpg?fit=2448%2C3264&ssl=1","keywords":["Reuniones con ONG","Una econom\u00eda social sin barreras"],"articleSection":["Reuniones con ONG"],"inLanguage":"es"},{"@type":"WebPage","@id":"https:\/\/economiasocial.aupex.org\/index.php\/2019\/03\/12\/reunion-con-las-universidades-populares-de-monesterio-y-zafra\/","url":"https:\/\/economiasocial.aupex.org\/index.php\/2019\/03\/12\/reunion-con-las-universidades-populares-de-monesterio-y-zafra\/","name":"REUNI\u00d3N CON LAS UNIVERSIDADES POPULARES DE MONESTERIO Y ZAFRA - Econom\u00eda Social sin barreras","isPartOf":{"@id":"https:\/\/economiasocial.aupex.org\/#website"},"primaryImageOfPage":{"@id":"https:\/\/economiasocial.aupex.org\/index.php\/2019\/03\/12\/reunion-con-las-universidades-populares-de-monesterio-y-zafra\/#primaryimage"},"image":{"@id":"https:\/\/economiasocial.aupex.org\/index.php\/2019\/03\/12\/reunion-con-las-universidades-populares-de-monesterio-y-zafra\/#primaryimage"},"thumbnailUrl":"https:\/\/i0.wp.com\/economiasocial.aupex.org\/wp-content\/uploads\/2019\/03\/IMG_0117-e1552381968991.jpg?fit=2448%2C3264&ssl=1","datePublished":"2019-03-12T09:16:53+00:00","breadcrumb":{"@id":"https:\/\/economiasocial.aupex.org\/index.php\/2019\/03\/12\/reunion-con-las-universidades-populares-de-monesterio-y-zafra\/#breadcrumb"},"inLanguage":"es","potentialAction":[{"@type":"ReadAction","target":["https:\/\/economiasocial.aupex.org\/index.php\/2019\/03\/12\/reunion-con-las-universidades-populares-de-monesterio-y-zafra\/"]}]},{"@type":"ImageObject","inLanguage":"es","@id":"https:\/\/economiasocial.aupex.org\/index.php\/2019\/03\/12\/reunion-con-las-universidades-populares-de-monesterio-y-zafra\/#primaryimage","url":"https:\/\/i0.wp.com\/economiasocial.aupex.org\/wp-content\/uploads\/2019\/03\/IMG_0117-e1552381968991.jpg?fit=2448%2C3264&ssl=1","contentUrl":"https:\/\/i0.wp.com\/economiasocial.aupex.org\/wp-content\/uploads\/2019\/03\/IMG_0117-e1552381968991.jpg?fit=2448%2C3264&ssl=1","width":2448,"height":3264},{"@type":"BreadcrumbList","@id":"https:\/\/economiasocial.aupex.org\/index.php\/2019\/03\/12\/reunion-con-las-universidades-populares-de-monesterio-y-zafra\/#breadcrumb","itemListElement":[{"@type":"ListItem","position":1,"name":"Portada","item":"https:\/\/economiasocial.aupex.org\/"},{"@type":"ListItem","position":2,"name":"REUNI\u00d3N CON LAS UNIVERSIDADES POPULARES DE MONESTERIO Y ZAFRA"}]},{"@type":"WebSite","@id":"https:\/\/economiasocial.aupex.org\/#website","url":"https:\/\/economiasocial.aupex.org\/","name":"Econom\u00eda Social sin barreras","description":"Con las personas dependientes de Extremadura","publisher":{"@id":"https:\/\/economiasocial.aupex.org\/#organization"},"potentialAction":[{"@type":"SearchAction","target":{"@type":"EntryPoint","urlTemplate":"https:\/\/economiasocial.aupex.org\/?s={search_term_string}"},"query-input":{"@type":"PropertyValueSpecification","valueRequired":true,"valueName":"search_term_string"}}],"inLanguage":"es"},{"@type":"Organization","@id":"https:\/\/economiasocial.aupex.org\/#organization","name":"Econom\u00eda Social sin barreras","url":"https:\/\/economiasocial.aupex.org\/","logo":{"@type":"ImageObject","inLanguage":"es","@id":"https:\/\/economiasocial.aupex.org\/#\/schema\/logo\/image\/","url":"https:\/\/i2.wp.com\/economiasocial.aupex.org\/wp-content\/uploads\/2020\/12\/ES_logo.png?fit=1139%2C363","contentUrl":"https:\/\/i2.wp.com\/economiasocial.aupex.org\/wp-content\/uploads\/2020\/12\/ES_logo.png?fit=1139%2C363","width":1139,"height":363,"caption":"Econom\u00eda Social sin barreras"},"image":{"@id":"https:\/\/economiasocial.aupex.org\/#\/schema\/logo\/image\/"}},{"@type":"Person","@id":"https:\/\/economiasocial.aupex.org\/#\/schema\/person\/9ebdec46e663f28d5e794129fc259214","name":"Econom\u00eda Social","image":{"@type":"ImageObject","inLanguage":"es","@id":"https:\/\/secure.gravatar.com\/avatar\/d8eecb582fb2bf6b5b8845c01d75e2a61e371aaa7f84718735afa4ac7d8ae31d?s=96&d=mm&r=g","url":"https:\/\/secure.gravatar.com\/avatar\/d8eecb582fb2bf6b5b8845c01d75e2a61e371aaa7f84718735afa4ac7d8ae31d?s=96&d=mm&r=g","contentUrl":"https:\/\/secure.gravatar.com\/avatar\/d8eecb582fb2bf6b5b8845c01d75e2a61e371aaa7f84718735afa4ac7d8ae31d?s=96&d=mm&r=g","caption":"Econom\u00eda Social"},"sameAs":["http:\/\/www.aupex.org"],"url":"https:\/\/economiasocial.aupex.org\/index.php\/author\/economiasocial\/"}]}},"jetpack_featured_media_url":"https:\/\/i0.wp.com\/economiasocial.aupex.org\/wp-content\/uploads\/2019\/03\/IMG_0117-e1552381968991.jpg?fit=2448%2C3264&ssl=1","jetpack_shortlink":"https:\/\/wp.me\/pasIM4-3q","jetpack-related-posts":[],"jetpack_sharing_enabled":true,"_links":{"self":[{"href":"https:\/\/economiasocial.aupex.org\/index.php\/wp-json\/wp\/v2\/posts\/212","targetHints":{"allow":["GET"]}}],"collection":[{"href":"https:\/\/economiasocial.aupex.org\/index.php\/wp-json\/wp\/v2\/posts"}],"about":[{"href":"https:\/\/economiasocial.aupex.org\/index.php\/wp-json\/wp\/v2\/types\/post"}],"author":[{"embeddable":true,"href":"https:\/\/economiasocial.aupex.org\/index.php\/wp-json\/wp\/v2\/users\/3"}],"replies":[{"embeddable":true,"href":"https:\/\/economiasocial.aupex.org\/index.php\/wp-json\/wp\/v2\/comments?post=212"}],"version-history":[{"count":1,"href":"https:\/\/economiasocial.aupex.org\/index.php\/wp-json\/wp\/v2\/posts\/212\/revisions"}],"predecessor-version":[{"id":215,"href":"https:\/\/economiasocial.aupex.org\/index.php\/wp-json\/wp\/v2\/posts\/212\/revisions\/215"}],"wp:featuredmedia":[{"embeddable":true,"href":"https:\/\/economiasocial.aupex.org\/index.php\/wp-json\/wp\/v2\/media\/214"}],"wp:attachment":[{"href":"https:\/\/economiasocial.aupex.org\/index.php\/wp-json\/wp\/v2\/media?parent=212"}],"wp:term":[{"taxonomy":"category","embeddable":true,"href":"https:\/\/economiasocial.aupex.org\/index.php\/wp-json\/wp\/v2\/categories?post=212"},{"taxonomy":"post_tag","embeddable":true,"href":"https:\/\/economiasocial.aupex.org\/index.php\/wp-json\/wp\/v2\/tags?post=212"}],"curies":[{"name":"wp","href":"https:\/\/api.w.org\/{rel}","templated":true}]}}