{"id":216,"date":"2019-03-18T12:39:35","date_gmt":"2019-03-18T12:39:35","guid":{"rendered":"http:\/\/economiasocial.aupex.org\/?p=216"},"modified":"2019-03-18T12:39:35","modified_gmt":"2019-03-18T12:39:35","slug":"reunion-con-la-universidad-popular-de-san-vicente-de-alcantara","status":"publish","type":"post","link":"https:\/\/economiasocial.aupex.org\/index.php\/2019\/03\/18\/reunion-con-la-universidad-popular-de-san-vicente-de-alcantara\/","title":{"rendered":"REUNI\u00d3N CON LA UNIVERSIDAD POPULAR DE SAN VICENTE  DE ALCANTARA"},"content":{"rendered":"<p>En el desarrollo del proyecto que est\u00e1 realizando <a href=\"http:\/\/aupex.org\"><span><\/span>AUPEX<\/a>, \u201c<a href=\"http:\/\/economiasocial.aupex.org\/\">UNA ECONOM\u00cdA SOCIAL SIN BARRERAS<\/a><span><\/span>\u201d, hemos mantenido reuni\u00f3n con la Universidad Popular de San Vicente de Alc\u00e1ntara. En dicho encuentro hemos compartido los objetivos del proyecto y sentado las bases para un trabajo conjunto y colaborativo. De esta forma podremos trasladar a los emprendedores y a las personas con discapacidad de dicha localidad la importancia, y hacerlos part\u00edcipes directos, de las posibilidades que ofrecen las empresas de econom\u00eda social para la generaci\u00f3n de empleo en nuestra regi\u00f3n, consiguiendo con ello, la implementaci\u00f3n de la cultura del emprendimiento empresarial en la econom\u00eda social.<br \/>\nEl proyecto \u201cUNA ECONOM\u00cdA SOCIAL SIN BARRERAS\u201d est\u00e1 financiado por las <a href=\"http:\/\/www.fundacioncb.es\/\"><span><\/span>Fundaci\u00f3n CB<\/a> y la <a href=\"http:\/\/www.fundacionibercaja.es\/\"><span><\/span>Fundaci\u00f3n Ibercaja.<\/a><\/p>\n","protected":false},"excerpt":{"rendered":"<p>En el desarrollo del proyecto que est\u00e1 realizando AUPEX, \u201cUNA ECONOM\u00cdA SOCIAL SIN BARRERAS\u201d, hemos mantenido reuni\u00f3n con la Universidad Popular de San Vicente de Alc\u00e1ntara. En dicho encuentro hemos compartido los objetivos del proyecto y sentado las bases para un trabajo conjunto y colaborativo. De esta forma podremos trasladar [&hellip;]<\/p>\n","protected":false},"author":3,"featured_media":217,"comment_status":"closed","ping_status":"closed","sticky":false,"template":"","format":"standard","meta":{"jetpack_post_was_ever_published":false,"_jetpack_newsletter_access":"","_jetpack_dont_email_post_to_subs":false,"_jetpack_newsletter_tier_id":0,"_jetpack_memberships_contains_paywalled_content":false,"_jetpack_memberships_contains_paid_content":false,"footnotes":""},"categories":[10],"tags":[16,19],"class_list":["post-216","post","type-post","status-publish","format-standard","has-post-thumbnail","hentry","category-reuniones-con-ong","tag-reuniones-con-ong","tag-una-economia-social-sin-barreras"],"yoast_head":"<!-- This site is optimized with the Yoast SEO plugin v27.2 - https:\/\/yoast.com\/product\/yoast-seo-wordpress\/ -->\n<title>REUNI\u00d3N CON LA UNIVERSIDAD POPULAR DE SAN VICENTE DE ALCANTARA - Econom\u00eda Social sin barreras<\/title>\n<meta name=\"robots\" content=\"index, follow, max-snippet:-1, max-image-preview:large, max-video-preview:-1\" \/>\n<link rel=\"canonical\" href=\"https:\/\/economiasocial.aupex.org\/index.php\/2019\/03\/18\/reunion-con-la-universidad-popular-de-san-vicente-de-alcantara\/\" \/>\n<meta property=\"og:locale\" content=\"es_ES\" \/>\n<meta property=\"og:type\" content=\"article\" \/>\n<meta property=\"og:title\" content=\"REUNI\u00d3N CON LA UNIVERSIDAD POPULAR DE SAN VICENTE DE ALCANTARA - Econom\u00eda Social sin barreras\" \/>\n<meta property=\"og:description\" content=\"En el desarrollo del proyecto que est\u00e1 realizando AUPEX, \u201cUNA ECONOM\u00cdA SOCIAL SIN BARRERAS\u201d, hemos mantenido reuni\u00f3n con la Universidad Popular de San Vicente de Alc\u00e1ntara. En dicho encuentro hemos compartido los objetivos del proyecto y sentado las bases para un trabajo conjunto y colaborativo. De esta forma podremos trasladar [&hellip;]\" \/>\n<meta property=\"og:url\" content=\"https:\/\/economiasocial.aupex.org\/index.php\/2019\/03\/18\/reunion-con-la-universidad-popular-de-san-vicente-de-alcantara\/\" \/>\n<meta property=\"og:site_name\" content=\"Econom\u00eda Social sin barreras\" \/>\n<meta property=\"article:published_time\" content=\"2019-03-18T12:39:35+00:00\" \/>\n<meta property=\"og:image\" content=\"https:\/\/i0.wp.com\/economiasocial.aupex.org\/wp-content\/uploads\/2019\/03\/IMG_0143-e1552912720653.jpg?fit=2448%2C3264&ssl=1\" \/>\n\t<meta property=\"og:image:width\" content=\"2448\" \/>\n\t<meta property=\"og:image:height\" content=\"3264\" \/>\n\t<meta property=\"og:image:type\" content=\"image\/jpeg\" \/>\n<meta name=\"author\" content=\"Econom\u00eda Social\" \/>\n<meta name=\"twitter:card\" content=\"summary_large_image\" \/>\n<meta name=\"twitter:label1\" content=\"Escrito por\" \/>\n\t<meta name=\"twitter:data1\" content=\"Econom\u00eda Social\" \/>\n\t<meta name=\"twitter:label2\" content=\"Tiempo de lectura\" \/>\n\t<meta name=\"twitter:data2\" content=\"1 minuto\" \/>\n<script type=\"application\/ld+json\" class=\"yoast-schema-graph\">{\"@context\":\"https:\/\/schema.org\",\"@graph\":[{\"@type\":\"Article\",\"@id\":\"https:\/\/economiasocial.aupex.org\/index.php\/2019\/03\/18\/reunion-con-la-universidad-popular-de-san-vicente-de-alcantara\/#article\",\"isPartOf\":{\"@id\":\"https:\/\/economiasocial.aupex.org\/index.php\/2019\/03\/18\/reunion-con-la-universidad-popular-de-san-vicente-de-alcantara\/\"},\"author\":{\"name\":\"Econom\u00eda Social\",\"@id\":\"https:\/\/economiasocial.aupex.org\/#\/schema\/person\/9ebdec46e663f28d5e794129fc259214\"},\"headline\":\"REUNI\u00d3N CON LA UNIVERSIDAD POPULAR DE SAN VICENTE DE ALCANTARA\",\"datePublished\":\"2019-03-18T12:39:35+00:00\",\"mainEntityOfPage\":{\"@id\":\"https:\/\/economiasocial.aupex.org\/index.php\/2019\/03\/18\/reunion-con-la-universidad-popular-de-san-vicente-de-alcantara\/\"},\"wordCount\":141,\"publisher\":{\"@id\":\"https:\/\/economiasocial.aupex.org\/#organization\"},\"image\":{\"@id\":\"https:\/\/economiasocial.aupex.org\/index.php\/2019\/03\/18\/reunion-con-la-universidad-popular-de-san-vicente-de-alcantara\/#primaryimage\"},\"thumbnailUrl\":\"https:\/\/i0.wp.com\/economiasocial.aupex.org\/wp-content\/uploads\/2019\/03\/IMG_0143-e1552912720653.jpg?fit=2448%2C3264&ssl=1\",\"keywords\":[\"Reuniones con ONG\",\"Una econom\u00eda social sin barreras\"],\"articleSection\":[\"Reuniones con ONG\"],\"inLanguage\":\"es\"},{\"@type\":\"WebPage\",\"@id\":\"https:\/\/economiasocial.aupex.org\/index.php\/2019\/03\/18\/reunion-con-la-universidad-popular-de-san-vicente-de-alcantara\/\",\"url\":\"https:\/\/economiasocial.aupex.org\/index.php\/2019\/03\/18\/reunion-con-la-universidad-popular-de-san-vicente-de-alcantara\/\",\"name\":\"REUNI\u00d3N CON LA UNIVERSIDAD POPULAR DE SAN VICENTE DE ALCANTARA - Econom\u00eda Social sin barreras\",\"isPartOf\":{\"@id\":\"https:\/\/economiasocial.aupex.org\/#website\"},\"primaryImageOfPage\":{\"@id\":\"https:\/\/economiasocial.aupex.org\/index.php\/2019\/03\/18\/reunion-con-la-universidad-popular-de-san-vicente-de-alcantara\/#primaryimage\"},\"image\":{\"@id\":\"https:\/\/economiasocial.aupex.org\/index.php\/2019\/03\/18\/reunion-con-la-universidad-popular-de-san-vicente-de-alcantara\/#primaryimage\"},\"thumbnailUrl\":\"https:\/\/i0.wp.com\/economiasocial.aupex.org\/wp-content\/uploads\/2019\/03\/IMG_0143-e1552912720653.jpg?fit=2448%2C3264&ssl=1\",\"datePublished\":\"2019-03-18T12:39:35+00:00\",\"breadcrumb\":{\"@id\":\"https:\/\/economiasocial.aupex.org\/index.php\/2019\/03\/18\/reunion-con-la-universidad-popular-de-san-vicente-de-alcantara\/#breadcrumb\"},\"inLanguage\":\"es\",\"potentialAction\":[{\"@type\":\"ReadAction\",\"target\":[\"https:\/\/economiasocial.aupex.org\/index.php\/2019\/03\/18\/reunion-con-la-universidad-popular-de-san-vicente-de-alcantara\/\"]}]},{\"@type\":\"ImageObject\",\"inLanguage\":\"es\",\"@id\":\"https:\/\/economiasocial.aupex.org\/index.php\/2019\/03\/18\/reunion-con-la-universidad-popular-de-san-vicente-de-alcantara\/#primaryimage\",\"url\":\"https:\/\/i0.wp.com\/economiasocial.aupex.org\/wp-content\/uploads\/2019\/03\/IMG_0143-e1552912720653.jpg?fit=2448%2C3264&ssl=1\",\"contentUrl\":\"https:\/\/i0.wp.com\/economiasocial.aupex.org\/wp-content\/uploads\/2019\/03\/IMG_0143-e1552912720653.jpg?fit=2448%2C3264&ssl=1\",\"width\":2448,\"height\":3264},{\"@type\":\"BreadcrumbList\",\"@id\":\"https:\/\/economiasocial.aupex.org\/index.php\/2019\/03\/18\/reunion-con-la-universidad-popular-de-san-vicente-de-alcantara\/#breadcrumb\",\"itemListElement\":[{\"@type\":\"ListItem\",\"position\":1,\"name\":\"Portada\",\"item\":\"https:\/\/economiasocial.aupex.org\/\"},{\"@type\":\"ListItem\",\"position\":2,\"name\":\"REUNI\u00d3N CON LA UNIVERSIDAD POPULAR DE SAN VICENTE DE ALCANTARA\"}]},{\"@type\":\"WebSite\",\"@id\":\"https:\/\/economiasocial.aupex.org\/#website\",\"url\":\"https:\/\/economiasocial.aupex.org\/\",\"name\":\"Econom\u00eda Social sin barreras\",\"description\":\"Con las personas dependientes de Extremadura\",\"publisher\":{\"@id\":\"https:\/\/economiasocial.aupex.org\/#organization\"},\"potentialAction\":[{\"@type\":\"SearchAction\",\"target\":{\"@type\":\"EntryPoint\",\"urlTemplate\":\"https:\/\/economiasocial.aupex.org\/?s={search_term_string}\"},\"query-input\":{\"@type\":\"PropertyValueSpecification\",\"valueRequired\":true,\"valueName\":\"search_term_string\"}}],\"inLanguage\":\"es\"},{\"@type\":\"Organization\",\"@id\":\"https:\/\/economiasocial.aupex.org\/#organization\",\"name\":\"Econom\u00eda Social sin barreras\",\"url\":\"https:\/\/economiasocial.aupex.org\/\",\"logo\":{\"@type\":\"ImageObject\",\"inLanguage\":\"es\",\"@id\":\"https:\/\/economiasocial.aupex.org\/#\/schema\/logo\/image\/\",\"url\":\"https:\/\/i2.wp.com\/economiasocial.aupex.org\/wp-content\/uploads\/2020\/12\/ES_logo.png?fit=1139%2C363\",\"contentUrl\":\"https:\/\/i2.wp.com\/economiasocial.aupex.org\/wp-content\/uploads\/2020\/12\/ES_logo.png?fit=1139%2C363\",\"width\":1139,\"height\":363,\"caption\":\"Econom\u00eda Social sin barreras\"},\"image\":{\"@id\":\"https:\/\/economiasocial.aupex.org\/#\/schema\/logo\/image\/\"}},{\"@type\":\"Person\",\"@id\":\"https:\/\/economiasocial.aupex.org\/#\/schema\/person\/9ebdec46e663f28d5e794129fc259214\",\"name\":\"Econom\u00eda Social\",\"image\":{\"@type\":\"ImageObject\",\"inLanguage\":\"es\",\"@id\":\"https:\/\/secure.gravatar.com\/avatar\/d8eecb582fb2bf6b5b8845c01d75e2a61e371aaa7f84718735afa4ac7d8ae31d?s=96&d=mm&r=g\",\"url\":\"https:\/\/secure.gravatar.com\/avatar\/d8eecb582fb2bf6b5b8845c01d75e2a61e371aaa7f84718735afa4ac7d8ae31d?s=96&d=mm&r=g\",\"contentUrl\":\"https:\/\/secure.gravatar.com\/avatar\/d8eecb582fb2bf6b5b8845c01d75e2a61e371aaa7f84718735afa4ac7d8ae31d?s=96&d=mm&r=g\",\"caption\":\"Econom\u00eda Social\"},\"sameAs\":[\"http:\/\/www.aupex.org\"],\"url\":\"https:\/\/economiasocial.aupex.org\/index.php\/author\/economiasocial\/\"}]}<\/script>\n<!-- \/ Yoast SEO plugin. -->","yoast_head_json":{"title":"REUNI\u00d3N CON LA UNIVERSIDAD POPULAR DE SAN VICENTE DE ALCANTARA - Econom\u00eda Social sin barreras","robots":{"index":"index","follow":"follow","max-snippet":"max-snippet:-1","max-image-preview":"max-image-preview:large","max-video-preview":"max-video-preview:-1"},"canonical":"https:\/\/economiasocial.aupex.org\/index.php\/2019\/03\/18\/reunion-con-la-universidad-popular-de-san-vicente-de-alcantara\/","og_locale":"es_ES","og_type":"article","og_title":"REUNI\u00d3N CON LA UNIVERSIDAD POPULAR DE SAN VICENTE DE ALCANTARA - Econom\u00eda Social sin barreras","og_description":"En el desarrollo del proyecto que est\u00e1 realizando AUPEX, \u201cUNA ECONOM\u00cdA SOCIAL SIN BARRERAS\u201d, hemos mantenido reuni\u00f3n con la Universidad Popular de San Vicente de Alc\u00e1ntara. En dicho encuentro hemos compartido los objetivos del proyecto y sentado las bases para un trabajo conjunto y colaborativo. De esta forma podremos trasladar [&hellip;]","og_url":"https:\/\/economiasocial.aupex.org\/index.php\/2019\/03\/18\/reunion-con-la-universidad-popular-de-san-vicente-de-alcantara\/","og_site_name":"Econom\u00eda Social sin barreras","article_published_time":"2019-03-18T12:39:35+00:00","og_image":[{"width":2448,"height":3264,"url":"https:\/\/i0.wp.com\/economiasocial.aupex.org\/wp-content\/uploads\/2019\/03\/IMG_0143-e1552912720653.jpg?fit=2448%2C3264&ssl=1","type":"image\/jpeg"}],"author":"Econom\u00eda Social","twitter_card":"summary_large_image","twitter_misc":{"Escrito por":"Econom\u00eda Social","Tiempo de lectura":"1 minuto"},"schema":{"@context":"https:\/\/schema.org","@graph":[{"@type":"Article","@id":"https:\/\/economiasocial.aupex.org\/index.php\/2019\/03\/18\/reunion-con-la-universidad-popular-de-san-vicente-de-alcantara\/#article","isPartOf":{"@id":"https:\/\/economiasocial.aupex.org\/index.php\/2019\/03\/18\/reunion-con-la-universidad-popular-de-san-vicente-de-alcantara\/"},"author":{"name":"Econom\u00eda Social","@id":"https:\/\/economiasocial.aupex.org\/#\/schema\/person\/9ebdec46e663f28d5e794129fc259214"},"headline":"REUNI\u00d3N CON LA UNIVERSIDAD POPULAR DE SAN VICENTE DE ALCANTARA","datePublished":"2019-03-18T12:39:35+00:00","mainEntityOfPage":{"@id":"https:\/\/economiasocial.aupex.org\/index.php\/2019\/03\/18\/reunion-con-la-universidad-popular-de-san-vicente-de-alcantara\/"},"wordCount":141,"publisher":{"@id":"https:\/\/economiasocial.aupex.org\/#organization"},"image":{"@id":"https:\/\/economiasocial.aupex.org\/index.php\/2019\/03\/18\/reunion-con-la-universidad-popular-de-san-vicente-de-alcantara\/#primaryimage"},"thumbnailUrl":"https:\/\/i0.wp.com\/economiasocial.aupex.org\/wp-content\/uploads\/2019\/03\/IMG_0143-e1552912720653.jpg?fit=2448%2C3264&ssl=1","keywords":["Reuniones con ONG","Una econom\u00eda social sin barreras"],"articleSection":["Reuniones con ONG"],"inLanguage":"es"},{"@type":"WebPage","@id":"https:\/\/economiasocial.aupex.org\/index.php\/2019\/03\/18\/reunion-con-la-universidad-popular-de-san-vicente-de-alcantara\/","url":"https:\/\/economiasocial.aupex.org\/index.php\/2019\/03\/18\/reunion-con-la-universidad-popular-de-san-vicente-de-alcantara\/","name":"REUNI\u00d3N CON LA UNIVERSIDAD POPULAR DE SAN VICENTE DE ALCANTARA - Econom\u00eda Social sin barreras","isPartOf":{"@id":"https:\/\/economiasocial.aupex.org\/#website"},"primaryImageOfPage":{"@id":"https:\/\/economiasocial.aupex.org\/index.php\/2019\/03\/18\/reunion-con-la-universidad-popular-de-san-vicente-de-alcantara\/#primaryimage"},"image":{"@id":"https:\/\/economiasocial.aupex.org\/index.php\/2019\/03\/18\/reunion-con-la-universidad-popular-de-san-vicente-de-alcantara\/#primaryimage"},"thumbnailUrl":"https:\/\/i0.wp.com\/economiasocial.aupex.org\/wp-content\/uploads\/2019\/03\/IMG_0143-e1552912720653.jpg?fit=2448%2C3264&ssl=1","datePublished":"2019-03-18T12:39:35+00:00","breadcrumb":{"@id":"https:\/\/economiasocial.aupex.org\/index.php\/2019\/03\/18\/reunion-con-la-universidad-popular-de-san-vicente-de-alcantara\/#breadcrumb"},"inLanguage":"es","potentialAction":[{"@type":"ReadAction","target":["https:\/\/economiasocial.aupex.org\/index.php\/2019\/03\/18\/reunion-con-la-universidad-popular-de-san-vicente-de-alcantara\/"]}]},{"@type":"ImageObject","inLanguage":"es","@id":"https:\/\/economiasocial.aupex.org\/index.php\/2019\/03\/18\/reunion-con-la-universidad-popular-de-san-vicente-de-alcantara\/#primaryimage","url":"https:\/\/i0.wp.com\/economiasocial.aupex.org\/wp-content\/uploads\/2019\/03\/IMG_0143-e1552912720653.jpg?fit=2448%2C3264&ssl=1","contentUrl":"https:\/\/i0.wp.com\/economiasocial.aupex.org\/wp-content\/uploads\/2019\/03\/IMG_0143-e1552912720653.jpg?fit=2448%2C3264&ssl=1","width":2448,"height":3264},{"@type":"BreadcrumbList","@id":"https:\/\/economiasocial.aupex.org\/index.php\/2019\/03\/18\/reunion-con-la-universidad-popular-de-san-vicente-de-alcantara\/#breadcrumb","itemListElement":[{"@type":"ListItem","position":1,"name":"Portada","item":"https:\/\/economiasocial.aupex.org\/"},{"@type":"ListItem","position":2,"name":"REUNI\u00d3N CON LA UNIVERSIDAD POPULAR DE SAN VICENTE DE ALCANTARA"}]},{"@type":"WebSite","@id":"https:\/\/economiasocial.aupex.org\/#website","url":"https:\/\/economiasocial.aupex.org\/","name":"Econom\u00eda Social sin barreras","description":"Con las personas dependientes de Extremadura","publisher":{"@id":"https:\/\/economiasocial.aupex.org\/#organization"},"potentialAction":[{"@type":"SearchAction","target":{"@type":"EntryPoint","urlTemplate":"https:\/\/economiasocial.aupex.org\/?s={search_term_string}"},"query-input":{"@type":"PropertyValueSpecification","valueRequired":true,"valueName":"search_term_string"}}],"inLanguage":"es"},{"@type":"Organization","@id":"https:\/\/economiasocial.aupex.org\/#organization","name":"Econom\u00eda Social sin barreras","url":"https:\/\/economiasocial.aupex.org\/","logo":{"@type":"ImageObject","inLanguage":"es","@id":"https:\/\/economiasocial.aupex.org\/#\/schema\/logo\/image\/","url":"https:\/\/i2.wp.com\/economiasocial.aupex.org\/wp-content\/uploads\/2020\/12\/ES_logo.png?fit=1139%2C363","contentUrl":"https:\/\/i2.wp.com\/economiasocial.aupex.org\/wp-content\/uploads\/2020\/12\/ES_logo.png?fit=1139%2C363","width":1139,"height":363,"caption":"Econom\u00eda Social sin barreras"},"image":{"@id":"https:\/\/economiasocial.aupex.org\/#\/schema\/logo\/image\/"}},{"@type":"Person","@id":"https:\/\/economiasocial.aupex.org\/#\/schema\/person\/9ebdec46e663f28d5e794129fc259214","name":"Econom\u00eda Social","image":{"@type":"ImageObject","inLanguage":"es","@id":"https:\/\/secure.gravatar.com\/avatar\/d8eecb582fb2bf6b5b8845c01d75e2a61e371aaa7f84718735afa4ac7d8ae31d?s=96&d=mm&r=g","url":"https:\/\/secure.gravatar.com\/avatar\/d8eecb582fb2bf6b5b8845c01d75e2a61e371aaa7f84718735afa4ac7d8ae31d?s=96&d=mm&r=g","contentUrl":"https:\/\/secure.gravatar.com\/avatar\/d8eecb582fb2bf6b5b8845c01d75e2a61e371aaa7f84718735afa4ac7d8ae31d?s=96&d=mm&r=g","caption":"Econom\u00eda Social"},"sameAs":["http:\/\/www.aupex.org"],"url":"https:\/\/economiasocial.aupex.org\/index.php\/author\/economiasocial\/"}]}},"jetpack_featured_media_url":"https:\/\/i0.wp.com\/economiasocial.aupex.org\/wp-content\/uploads\/2019\/03\/IMG_0143-e1552912720653.jpg?fit=2448%2C3264&ssl=1","jetpack_shortlink":"https:\/\/wp.me\/pasIM4-3u","jetpack-related-posts":[],"jetpack_sharing_enabled":true,"_links":{"self":[{"href":"https:\/\/economiasocial.aupex.org\/index.php\/wp-json\/wp\/v2\/posts\/216","targetHints":{"allow":["GET"]}}],"collection":[{"href":"https:\/\/economiasocial.aupex.org\/index.php\/wp-json\/wp\/v2\/posts"}],"about":[{"href":"https:\/\/economiasocial.aupex.org\/index.php\/wp-json\/wp\/v2\/types\/post"}],"author":[{"embeddable":true,"href":"https:\/\/economiasocial.aupex.org\/index.php\/wp-json\/wp\/v2\/users\/3"}],"replies":[{"embeddable":true,"href":"https:\/\/economiasocial.aupex.org\/index.php\/wp-json\/wp\/v2\/comments?post=216"}],"version-history":[{"count":1,"href":"https:\/\/economiasocial.aupex.org\/index.php\/wp-json\/wp\/v2\/posts\/216\/revisions"}],"predecessor-version":[{"id":218,"href":"https:\/\/economiasocial.aupex.org\/index.php\/wp-json\/wp\/v2\/posts\/216\/revisions\/218"}],"wp:featuredmedia":[{"embeddable":true,"href":"https:\/\/economiasocial.aupex.org\/index.php\/wp-json\/wp\/v2\/media\/217"}],"wp:attachment":[{"href":"https:\/\/economiasocial.aupex.org\/index.php\/wp-json\/wp\/v2\/media?parent=216"}],"wp:term":[{"taxonomy":"category","embeddable":true,"href":"https:\/\/economiasocial.aupex.org\/index.php\/wp-json\/wp\/v2\/categories?post=216"},{"taxonomy":"post_tag","embeddable":true,"href":"https:\/\/economiasocial.aupex.org\/index.php\/wp-json\/wp\/v2\/tags?post=216"}],"curies":[{"name":"wp","href":"https:\/\/api.w.org\/{rel}","templated":true}]}}