{"id":232,"date":"2019-04-03T08:42:53","date_gmt":"2019-04-03T08:42:53","guid":{"rendered":"http:\/\/economiasocial.aupex.org\/?p=232"},"modified":"2019-04-03T08:42:53","modified_gmt":"2019-04-03T08:42:53","slug":"reunion-con-las-universidades-populares-de-don-benito-valdetorres-y-guarena","status":"publish","type":"post","link":"https:\/\/economiasocial.aupex.org\/index.php\/2019\/04\/03\/reunion-con-las-universidades-populares-de-don-benito-valdetorres-y-guarena\/","title":{"rendered":"REUNI\u00d3N CON LAS UNIVERSIDADES POPULARES DE DON BENITO, VALDETORRES Y GUARE\u00d1A."},"content":{"rendered":"<p class=\"western\" align=\"justify\"><span style=\"font-size: medium;\">En el marco de la ejecuci\u00f3n del proyecto \u201c<\/span><span style=\"color: #000080;\"><span lang=\"zxx\"><u><a href=\"http:\/\/economiasocial.aupex.org\/\"><span style=\"font-size: medium;\">UNA ECONOM\u00cdA SOCIAL SIN BARRERAS<\/span><\/a><\/u><\/span><\/span><span style=\"font-size: medium;\"><span><\/span>\u201d hemos mantenido reuniones con las Universidades Populares de Don Benito, Valdetorres y Guare\u00f1a. Desde <a href=\"http:\/\/aupex.org\"><span><\/span>AUPEX<\/a> hemos compartido, y les hemos trasladado, los objetivos del Proyecto para poner en pie un trabajo conjunto y unido con el que hacer participe a los emprendedores y a las personas con discapacidad de dichas localidades, de las posibilidades que ofrecen las empresas de econom\u00eda social para la generaci\u00f3n de empleo en nuestra regi\u00f3n.<\/span><\/p>\n<p class=\"western\" align=\"justify\"><span style=\"font-size: medium;\"> El proyecto \u201cUNA ECONOM\u00cdA SOCIAL SIN BARRERAS\u201d est\u00e1 financiado por las <\/span><span style=\"color: #000080;\"><span lang=\"zxx\"><u><a href=\"http:\/\/www.fundacioncb.es\/\"><span style=\"font-size: medium;\"><span><\/span>Fundaci\u00f3n CB<\/span><\/a><\/u><\/span><\/span><span style=\"font-size: medium;\"> y la <\/span><span style=\"color: #000080;\"><span lang=\"zxx\"><u><a href=\"http:\/\/www.fundacionibercaja.es\/\"><span style=\"font-size: medium;\"><span><\/span>Fundaci\u00f3n Ibercaja.<\/span><\/a><\/u><\/span><\/span><span style=\"font-size: medium;\"> <\/span><\/p>\n<p align=\"justify\"><img data-recalc-dims=\"1\" loading=\"lazy\" decoding=\"async\" data-attachment-id=\"234\" data-permalink=\"https:\/\/economiasocial.aupex.org\/index.php\/2019\/04\/03\/reunion-con-las-universidades-populares-de-don-benito-valdetorres-y-guarena\/img_0169\/\" data-orig-file=\"https:\/\/i0.wp.com\/economiasocial.aupex.org\/wp-content\/uploads\/2019\/04\/IMG_0169-e1554280736315.jpg?fit=2448%2C3264&amp;ssl=1\" data-orig-size=\"2448,3264\" data-comments-opened=\"0\" data-image-meta=\"{&quot;aperture&quot;:&quot;2.2&quot;,&quot;credit&quot;:&quot;&quot;,&quot;camera&quot;:&quot;iPhone 6&quot;,&quot;caption&quot;:&quot;&quot;,&quot;created_timestamp&quot;:&quot;1553595987&quot;,&quot;copyright&quot;:&quot;&quot;,&quot;focal_length&quot;:&quot;4.15&quot;,&quot;iso&quot;:&quot;32&quot;,&quot;shutter_speed&quot;:&quot;0.02&quot;,&quot;title&quot;:&quot;&quot;,&quot;orientation&quot;:&quot;6&quot;}\" data-image-title=\"IMG_0169\" data-image-description=\"\" data-image-caption=\"\" data-medium-file=\"https:\/\/i0.wp.com\/economiasocial.aupex.org\/wp-content\/uploads\/2019\/04\/IMG_0169-e1554280736315.jpg?fit=225%2C300&amp;ssl=1\" data-large-file=\"https:\/\/i0.wp.com\/economiasocial.aupex.org\/wp-content\/uploads\/2019\/04\/IMG_0169-e1554280736315.jpg?fit=750%2C1000&amp;ssl=1\" src=\"https:\/\/i0.wp.com\/economiasocial.aupex.org\/wp-content\/uploads\/2019\/04\/IMG_0169-e1554280736315-225x300.jpg?resize=225%2C300\" alt=\"\" class=\"alignnone size-medium wp-image-234\" width=\"225\" height=\"300\" srcset=\"https:\/\/i0.wp.com\/economiasocial.aupex.org\/wp-content\/uploads\/2019\/04\/IMG_0169-e1554280736315.jpg?resize=225%2C300&amp;ssl=1 225w, https:\/\/i0.wp.com\/economiasocial.aupex.org\/wp-content\/uploads\/2019\/04\/IMG_0169-e1554280736315.jpg?resize=768%2C1024&amp;ssl=1 768w, https:\/\/i0.wp.com\/economiasocial.aupex.org\/wp-content\/uploads\/2019\/04\/IMG_0169-e1554280736315.jpg?w=1500 1500w, https:\/\/i0.wp.com\/economiasocial.aupex.org\/wp-content\/uploads\/2019\/04\/IMG_0169-e1554280736315.jpg?w=2250 2250w\" sizes=\"auto, (max-width: 225px) 100vw, 225px\" \/><\/p>\n","protected":false},"excerpt":{"rendered":"<p>En el marco de la ejecuci\u00f3n del proyecto \u201cUNA ECONOM\u00cdA SOCIAL SIN BARRERAS\u201d hemos mantenido reuniones con las Universidades Populares de Don Benito, Valdetorres y Guare\u00f1a. Desde AUPEX hemos compartido, y les hemos trasladado, los objetivos del Proyecto para poner en pie un trabajo conjunto y unido con el que [&hellip;]<\/p>\n","protected":false},"author":3,"featured_media":233,"comment_status":"closed","ping_status":"closed","sticky":false,"template":"","format":"standard","meta":{"jetpack_post_was_ever_published":false,"_jetpack_newsletter_access":"","_jetpack_dont_email_post_to_subs":false,"_jetpack_newsletter_tier_id":0,"_jetpack_memberships_contains_paywalled_content":false,"_jetpack_memberships_contains_paid_content":false,"footnotes":""},"categories":[10],"tags":[11,16],"class_list":["post-232","post","type-post","status-publish","format-standard","has-post-thumbnail","hentry","category-reuniones-con-ong","tag-difusion","tag-reuniones-con-ong"],"yoast_head":"<!-- This site is optimized with the Yoast SEO plugin v27.2 - https:\/\/yoast.com\/product\/yoast-seo-wordpress\/ -->\n<title>REUNI\u00d3N CON LAS UNIVERSIDADES POPULARES DE DON BENITO, VALDETORRES Y GUARE\u00d1A. - Econom\u00eda Social sin barreras<\/title>\n<meta name=\"robots\" content=\"index, follow, max-snippet:-1, max-image-preview:large, max-video-preview:-1\" \/>\n<link rel=\"canonical\" href=\"https:\/\/economiasocial.aupex.org\/index.php\/2019\/04\/03\/reunion-con-las-universidades-populares-de-don-benito-valdetorres-y-guarena\/\" \/>\n<meta property=\"og:locale\" content=\"es_ES\" \/>\n<meta property=\"og:type\" content=\"article\" \/>\n<meta property=\"og:title\" content=\"REUNI\u00d3N CON LAS UNIVERSIDADES POPULARES DE DON BENITO, VALDETORRES Y GUARE\u00d1A. - Econom\u00eda Social sin barreras\" \/>\n<meta property=\"og:description\" content=\"En el marco de la ejecuci\u00f3n del proyecto \u201cUNA ECONOM\u00cdA SOCIAL SIN BARRERAS\u201d hemos mantenido reuniones con las Universidades Populares de Don Benito, Valdetorres y Guare\u00f1a. Desde AUPEX hemos compartido, y les hemos trasladado, los objetivos del Proyecto para poner en pie un trabajo conjunto y unido con el que [&hellip;]\" \/>\n<meta property=\"og:url\" content=\"https:\/\/economiasocial.aupex.org\/index.php\/2019\/04\/03\/reunion-con-las-universidades-populares-de-don-benito-valdetorres-y-guarena\/\" \/>\n<meta property=\"og:site_name\" content=\"Econom\u00eda Social sin barreras\" \/>\n<meta property=\"article:published_time\" content=\"2019-04-03T08:42:53+00:00\" \/>\n<meta property=\"og:image\" content=\"https:\/\/i0.wp.com\/economiasocial.aupex.org\/wp-content\/uploads\/2019\/04\/IMG_0170-e1554280702356.jpg?fit=1280%2C960&ssl=1\" \/>\n\t<meta property=\"og:image:width\" content=\"1280\" \/>\n\t<meta property=\"og:image:height\" content=\"960\" \/>\n\t<meta property=\"og:image:type\" content=\"image\/jpeg\" \/>\n<meta name=\"author\" content=\"Econom\u00eda Social\" \/>\n<meta name=\"twitter:card\" content=\"summary_large_image\" \/>\n<meta name=\"twitter:label1\" content=\"Escrito por\" \/>\n\t<meta name=\"twitter:data1\" content=\"Econom\u00eda Social\" \/>\n\t<meta name=\"twitter:label2\" content=\"Tiempo de lectura\" \/>\n\t<meta name=\"twitter:data2\" content=\"1 minuto\" \/>\n<script type=\"application\/ld+json\" class=\"yoast-schema-graph\">{\"@context\":\"https:\/\/schema.org\",\"@graph\":[{\"@type\":\"Article\",\"@id\":\"https:\/\/economiasocial.aupex.org\/index.php\/2019\/04\/03\/reunion-con-las-universidades-populares-de-don-benito-valdetorres-y-guarena\/#article\",\"isPartOf\":{\"@id\":\"https:\/\/economiasocial.aupex.org\/index.php\/2019\/04\/03\/reunion-con-las-universidades-populares-de-don-benito-valdetorres-y-guarena\/\"},\"author\":{\"name\":\"Econom\u00eda Social\",\"@id\":\"https:\/\/economiasocial.aupex.org\/#\/schema\/person\/9ebdec46e663f28d5e794129fc259214\"},\"headline\":\"REUNI\u00d3N CON LAS UNIVERSIDADES POPULARES DE DON BENITO, VALDETORRES Y GUARE\u00d1A.\",\"datePublished\":\"2019-04-03T08:42:53+00:00\",\"mainEntityOfPage\":{\"@id\":\"https:\/\/economiasocial.aupex.org\/index.php\/2019\/04\/03\/reunion-con-las-universidades-populares-de-don-benito-valdetorres-y-guarena\/\"},\"wordCount\":121,\"publisher\":{\"@id\":\"https:\/\/economiasocial.aupex.org\/#organization\"},\"image\":{\"@id\":\"https:\/\/economiasocial.aupex.org\/index.php\/2019\/04\/03\/reunion-con-las-universidades-populares-de-don-benito-valdetorres-y-guarena\/#primaryimage\"},\"thumbnailUrl\":\"https:\/\/i0.wp.com\/economiasocial.aupex.org\/wp-content\/uploads\/2019\/04\/IMG_0170-e1554280702356.jpg?fit=1280%2C960&ssl=1\",\"keywords\":[\"Difusi\u00f3n\",\"Reuniones con ONG\"],\"articleSection\":[\"Reuniones con ONG\"],\"inLanguage\":\"es\"},{\"@type\":\"WebPage\",\"@id\":\"https:\/\/economiasocial.aupex.org\/index.php\/2019\/04\/03\/reunion-con-las-universidades-populares-de-don-benito-valdetorres-y-guarena\/\",\"url\":\"https:\/\/economiasocial.aupex.org\/index.php\/2019\/04\/03\/reunion-con-las-universidades-populares-de-don-benito-valdetorres-y-guarena\/\",\"name\":\"REUNI\u00d3N CON LAS UNIVERSIDADES POPULARES DE DON BENITO, VALDETORRES Y GUARE\u00d1A. - Econom\u00eda Social sin barreras\",\"isPartOf\":{\"@id\":\"https:\/\/economiasocial.aupex.org\/#website\"},\"primaryImageOfPage\":{\"@id\":\"https:\/\/economiasocial.aupex.org\/index.php\/2019\/04\/03\/reunion-con-las-universidades-populares-de-don-benito-valdetorres-y-guarena\/#primaryimage\"},\"image\":{\"@id\":\"https:\/\/economiasocial.aupex.org\/index.php\/2019\/04\/03\/reunion-con-las-universidades-populares-de-don-benito-valdetorres-y-guarena\/#primaryimage\"},\"thumbnailUrl\":\"https:\/\/i0.wp.com\/economiasocial.aupex.org\/wp-content\/uploads\/2019\/04\/IMG_0170-e1554280702356.jpg?fit=1280%2C960&ssl=1\",\"datePublished\":\"2019-04-03T08:42:53+00:00\",\"breadcrumb\":{\"@id\":\"https:\/\/economiasocial.aupex.org\/index.php\/2019\/04\/03\/reunion-con-las-universidades-populares-de-don-benito-valdetorres-y-guarena\/#breadcrumb\"},\"inLanguage\":\"es\",\"potentialAction\":[{\"@type\":\"ReadAction\",\"target\":[\"https:\/\/economiasocial.aupex.org\/index.php\/2019\/04\/03\/reunion-con-las-universidades-populares-de-don-benito-valdetorres-y-guarena\/\"]}]},{\"@type\":\"ImageObject\",\"inLanguage\":\"es\",\"@id\":\"https:\/\/economiasocial.aupex.org\/index.php\/2019\/04\/03\/reunion-con-las-universidades-populares-de-don-benito-valdetorres-y-guarena\/#primaryimage\",\"url\":\"https:\/\/i0.wp.com\/economiasocial.aupex.org\/wp-content\/uploads\/2019\/04\/IMG_0170-e1554280702356.jpg?fit=1280%2C960&ssl=1\",\"contentUrl\":\"https:\/\/i0.wp.com\/economiasocial.aupex.org\/wp-content\/uploads\/2019\/04\/IMG_0170-e1554280702356.jpg?fit=1280%2C960&ssl=1\",\"width\":1280,\"height\":960},{\"@type\":\"BreadcrumbList\",\"@id\":\"https:\/\/economiasocial.aupex.org\/index.php\/2019\/04\/03\/reunion-con-las-universidades-populares-de-don-benito-valdetorres-y-guarena\/#breadcrumb\",\"itemListElement\":[{\"@type\":\"ListItem\",\"position\":1,\"name\":\"Portada\",\"item\":\"https:\/\/economiasocial.aupex.org\/\"},{\"@type\":\"ListItem\",\"position\":2,\"name\":\"REUNI\u00d3N CON LAS UNIVERSIDADES POPULARES DE DON BENITO, VALDETORRES Y GUARE\u00d1A.\"}]},{\"@type\":\"WebSite\",\"@id\":\"https:\/\/economiasocial.aupex.org\/#website\",\"url\":\"https:\/\/economiasocial.aupex.org\/\",\"name\":\"Econom\u00eda Social sin barreras\",\"description\":\"Con las personas dependientes de Extremadura\",\"publisher\":{\"@id\":\"https:\/\/economiasocial.aupex.org\/#organization\"},\"potentialAction\":[{\"@type\":\"SearchAction\",\"target\":{\"@type\":\"EntryPoint\",\"urlTemplate\":\"https:\/\/economiasocial.aupex.org\/?s={search_term_string}\"},\"query-input\":{\"@type\":\"PropertyValueSpecification\",\"valueRequired\":true,\"valueName\":\"search_term_string\"}}],\"inLanguage\":\"es\"},{\"@type\":\"Organization\",\"@id\":\"https:\/\/economiasocial.aupex.org\/#organization\",\"name\":\"Econom\u00eda Social sin barreras\",\"url\":\"https:\/\/economiasocial.aupex.org\/\",\"logo\":{\"@type\":\"ImageObject\",\"inLanguage\":\"es\",\"@id\":\"https:\/\/economiasocial.aupex.org\/#\/schema\/logo\/image\/\",\"url\":\"https:\/\/i2.wp.com\/economiasocial.aupex.org\/wp-content\/uploads\/2020\/12\/ES_logo.png?fit=1139%2C363\",\"contentUrl\":\"https:\/\/i2.wp.com\/economiasocial.aupex.org\/wp-content\/uploads\/2020\/12\/ES_logo.png?fit=1139%2C363\",\"width\":1139,\"height\":363,\"caption\":\"Econom\u00eda Social sin barreras\"},\"image\":{\"@id\":\"https:\/\/economiasocial.aupex.org\/#\/schema\/logo\/image\/\"}},{\"@type\":\"Person\",\"@id\":\"https:\/\/economiasocial.aupex.org\/#\/schema\/person\/9ebdec46e663f28d5e794129fc259214\",\"name\":\"Econom\u00eda Social\",\"image\":{\"@type\":\"ImageObject\",\"inLanguage\":\"es\",\"@id\":\"https:\/\/secure.gravatar.com\/avatar\/d8eecb582fb2bf6b5b8845c01d75e2a61e371aaa7f84718735afa4ac7d8ae31d?s=96&d=mm&r=g\",\"url\":\"https:\/\/secure.gravatar.com\/avatar\/d8eecb582fb2bf6b5b8845c01d75e2a61e371aaa7f84718735afa4ac7d8ae31d?s=96&d=mm&r=g\",\"contentUrl\":\"https:\/\/secure.gravatar.com\/avatar\/d8eecb582fb2bf6b5b8845c01d75e2a61e371aaa7f84718735afa4ac7d8ae31d?s=96&d=mm&r=g\",\"caption\":\"Econom\u00eda Social\"},\"sameAs\":[\"http:\/\/www.aupex.org\"],\"url\":\"https:\/\/economiasocial.aupex.org\/index.php\/author\/economiasocial\/\"}]}<\/script>\n<!-- \/ Yoast SEO plugin. -->","yoast_head_json":{"title":"REUNI\u00d3N CON LAS UNIVERSIDADES POPULARES DE DON BENITO, VALDETORRES Y GUARE\u00d1A. - Econom\u00eda Social sin barreras","robots":{"index":"index","follow":"follow","max-snippet":"max-snippet:-1","max-image-preview":"max-image-preview:large","max-video-preview":"max-video-preview:-1"},"canonical":"https:\/\/economiasocial.aupex.org\/index.php\/2019\/04\/03\/reunion-con-las-universidades-populares-de-don-benito-valdetorres-y-guarena\/","og_locale":"es_ES","og_type":"article","og_title":"REUNI\u00d3N CON LAS UNIVERSIDADES POPULARES DE DON BENITO, VALDETORRES Y GUARE\u00d1A. - Econom\u00eda Social sin barreras","og_description":"En el marco de la ejecuci\u00f3n del proyecto \u201cUNA ECONOM\u00cdA SOCIAL SIN BARRERAS\u201d hemos mantenido reuniones con las Universidades Populares de Don Benito, Valdetorres y Guare\u00f1a. Desde AUPEX hemos compartido, y les hemos trasladado, los objetivos del Proyecto para poner en pie un trabajo conjunto y unido con el que [&hellip;]","og_url":"https:\/\/economiasocial.aupex.org\/index.php\/2019\/04\/03\/reunion-con-las-universidades-populares-de-don-benito-valdetorres-y-guarena\/","og_site_name":"Econom\u00eda Social sin barreras","article_published_time":"2019-04-03T08:42:53+00:00","og_image":[{"width":1280,"height":960,"url":"https:\/\/i0.wp.com\/economiasocial.aupex.org\/wp-content\/uploads\/2019\/04\/IMG_0170-e1554280702356.jpg?fit=1280%2C960&ssl=1","type":"image\/jpeg"}],"author":"Econom\u00eda Social","twitter_card":"summary_large_image","twitter_misc":{"Escrito por":"Econom\u00eda Social","Tiempo de lectura":"1 minuto"},"schema":{"@context":"https:\/\/schema.org","@graph":[{"@type":"Article","@id":"https:\/\/economiasocial.aupex.org\/index.php\/2019\/04\/03\/reunion-con-las-universidades-populares-de-don-benito-valdetorres-y-guarena\/#article","isPartOf":{"@id":"https:\/\/economiasocial.aupex.org\/index.php\/2019\/04\/03\/reunion-con-las-universidades-populares-de-don-benito-valdetorres-y-guarena\/"},"author":{"name":"Econom\u00eda Social","@id":"https:\/\/economiasocial.aupex.org\/#\/schema\/person\/9ebdec46e663f28d5e794129fc259214"},"headline":"REUNI\u00d3N CON LAS UNIVERSIDADES POPULARES DE DON BENITO, VALDETORRES Y GUARE\u00d1A.","datePublished":"2019-04-03T08:42:53+00:00","mainEntityOfPage":{"@id":"https:\/\/economiasocial.aupex.org\/index.php\/2019\/04\/03\/reunion-con-las-universidades-populares-de-don-benito-valdetorres-y-guarena\/"},"wordCount":121,"publisher":{"@id":"https:\/\/economiasocial.aupex.org\/#organization"},"image":{"@id":"https:\/\/economiasocial.aupex.org\/index.php\/2019\/04\/03\/reunion-con-las-universidades-populares-de-don-benito-valdetorres-y-guarena\/#primaryimage"},"thumbnailUrl":"https:\/\/i0.wp.com\/economiasocial.aupex.org\/wp-content\/uploads\/2019\/04\/IMG_0170-e1554280702356.jpg?fit=1280%2C960&ssl=1","keywords":["Difusi\u00f3n","Reuniones con ONG"],"articleSection":["Reuniones con ONG"],"inLanguage":"es"},{"@type":"WebPage","@id":"https:\/\/economiasocial.aupex.org\/index.php\/2019\/04\/03\/reunion-con-las-universidades-populares-de-don-benito-valdetorres-y-guarena\/","url":"https:\/\/economiasocial.aupex.org\/index.php\/2019\/04\/03\/reunion-con-las-universidades-populares-de-don-benito-valdetorres-y-guarena\/","name":"REUNI\u00d3N CON LAS UNIVERSIDADES POPULARES DE DON BENITO, VALDETORRES Y GUARE\u00d1A. - Econom\u00eda Social sin barreras","isPartOf":{"@id":"https:\/\/economiasocial.aupex.org\/#website"},"primaryImageOfPage":{"@id":"https:\/\/economiasocial.aupex.org\/index.php\/2019\/04\/03\/reunion-con-las-universidades-populares-de-don-benito-valdetorres-y-guarena\/#primaryimage"},"image":{"@id":"https:\/\/economiasocial.aupex.org\/index.php\/2019\/04\/03\/reunion-con-las-universidades-populares-de-don-benito-valdetorres-y-guarena\/#primaryimage"},"thumbnailUrl":"https:\/\/i0.wp.com\/economiasocial.aupex.org\/wp-content\/uploads\/2019\/04\/IMG_0170-e1554280702356.jpg?fit=1280%2C960&ssl=1","datePublished":"2019-04-03T08:42:53+00:00","breadcrumb":{"@id":"https:\/\/economiasocial.aupex.org\/index.php\/2019\/04\/03\/reunion-con-las-universidades-populares-de-don-benito-valdetorres-y-guarena\/#breadcrumb"},"inLanguage":"es","potentialAction":[{"@type":"ReadAction","target":["https:\/\/economiasocial.aupex.org\/index.php\/2019\/04\/03\/reunion-con-las-universidades-populares-de-don-benito-valdetorres-y-guarena\/"]}]},{"@type":"ImageObject","inLanguage":"es","@id":"https:\/\/economiasocial.aupex.org\/index.php\/2019\/04\/03\/reunion-con-las-universidades-populares-de-don-benito-valdetorres-y-guarena\/#primaryimage","url":"https:\/\/i0.wp.com\/economiasocial.aupex.org\/wp-content\/uploads\/2019\/04\/IMG_0170-e1554280702356.jpg?fit=1280%2C960&ssl=1","contentUrl":"https:\/\/i0.wp.com\/economiasocial.aupex.org\/wp-content\/uploads\/2019\/04\/IMG_0170-e1554280702356.jpg?fit=1280%2C960&ssl=1","width":1280,"height":960},{"@type":"BreadcrumbList","@id":"https:\/\/economiasocial.aupex.org\/index.php\/2019\/04\/03\/reunion-con-las-universidades-populares-de-don-benito-valdetorres-y-guarena\/#breadcrumb","itemListElement":[{"@type":"ListItem","position":1,"name":"Portada","item":"https:\/\/economiasocial.aupex.org\/"},{"@type":"ListItem","position":2,"name":"REUNI\u00d3N CON LAS UNIVERSIDADES POPULARES DE DON BENITO, VALDETORRES Y GUARE\u00d1A."}]},{"@type":"WebSite","@id":"https:\/\/economiasocial.aupex.org\/#website","url":"https:\/\/economiasocial.aupex.org\/","name":"Econom\u00eda Social sin barreras","description":"Con las personas dependientes de Extremadura","publisher":{"@id":"https:\/\/economiasocial.aupex.org\/#organization"},"potentialAction":[{"@type":"SearchAction","target":{"@type":"EntryPoint","urlTemplate":"https:\/\/economiasocial.aupex.org\/?s={search_term_string}"},"query-input":{"@type":"PropertyValueSpecification","valueRequired":true,"valueName":"search_term_string"}}],"inLanguage":"es"},{"@type":"Organization","@id":"https:\/\/economiasocial.aupex.org\/#organization","name":"Econom\u00eda Social sin barreras","url":"https:\/\/economiasocial.aupex.org\/","logo":{"@type":"ImageObject","inLanguage":"es","@id":"https:\/\/economiasocial.aupex.org\/#\/schema\/logo\/image\/","url":"https:\/\/i2.wp.com\/economiasocial.aupex.org\/wp-content\/uploads\/2020\/12\/ES_logo.png?fit=1139%2C363","contentUrl":"https:\/\/i2.wp.com\/economiasocial.aupex.org\/wp-content\/uploads\/2020\/12\/ES_logo.png?fit=1139%2C363","width":1139,"height":363,"caption":"Econom\u00eda Social sin barreras"},"image":{"@id":"https:\/\/economiasocial.aupex.org\/#\/schema\/logo\/image\/"}},{"@type":"Person","@id":"https:\/\/economiasocial.aupex.org\/#\/schema\/person\/9ebdec46e663f28d5e794129fc259214","name":"Econom\u00eda Social","image":{"@type":"ImageObject","inLanguage":"es","@id":"https:\/\/secure.gravatar.com\/avatar\/d8eecb582fb2bf6b5b8845c01d75e2a61e371aaa7f84718735afa4ac7d8ae31d?s=96&d=mm&r=g","url":"https:\/\/secure.gravatar.com\/avatar\/d8eecb582fb2bf6b5b8845c01d75e2a61e371aaa7f84718735afa4ac7d8ae31d?s=96&d=mm&r=g","contentUrl":"https:\/\/secure.gravatar.com\/avatar\/d8eecb582fb2bf6b5b8845c01d75e2a61e371aaa7f84718735afa4ac7d8ae31d?s=96&d=mm&r=g","caption":"Econom\u00eda Social"},"sameAs":["http:\/\/www.aupex.org"],"url":"https:\/\/economiasocial.aupex.org\/index.php\/author\/economiasocial\/"}]}},"jetpack_featured_media_url":"https:\/\/i0.wp.com\/economiasocial.aupex.org\/wp-content\/uploads\/2019\/04\/IMG_0170-e1554280702356.jpg?fit=1280%2C960&ssl=1","jetpack_shortlink":"https:\/\/wp.me\/pasIM4-3K","jetpack-related-posts":[],"jetpack_sharing_enabled":true,"_links":{"self":[{"href":"https:\/\/economiasocial.aupex.org\/index.php\/wp-json\/wp\/v2\/posts\/232","targetHints":{"allow":["GET"]}}],"collection":[{"href":"https:\/\/economiasocial.aupex.org\/index.php\/wp-json\/wp\/v2\/posts"}],"about":[{"href":"https:\/\/economiasocial.aupex.org\/index.php\/wp-json\/wp\/v2\/types\/post"}],"author":[{"embeddable":true,"href":"https:\/\/economiasocial.aupex.org\/index.php\/wp-json\/wp\/v2\/users\/3"}],"replies":[{"embeddable":true,"href":"https:\/\/economiasocial.aupex.org\/index.php\/wp-json\/wp\/v2\/comments?post=232"}],"version-history":[{"count":2,"href":"https:\/\/economiasocial.aupex.org\/index.php\/wp-json\/wp\/v2\/posts\/232\/revisions"}],"predecessor-version":[{"id":236,"href":"https:\/\/economiasocial.aupex.org\/index.php\/wp-json\/wp\/v2\/posts\/232\/revisions\/236"}],"wp:featuredmedia":[{"embeddable":true,"href":"https:\/\/economiasocial.aupex.org\/index.php\/wp-json\/wp\/v2\/media\/233"}],"wp:attachment":[{"href":"https:\/\/economiasocial.aupex.org\/index.php\/wp-json\/wp\/v2\/media?parent=232"}],"wp:term":[{"taxonomy":"category","embeddable":true,"href":"https:\/\/economiasocial.aupex.org\/index.php\/wp-json\/wp\/v2\/categories?post=232"},{"taxonomy":"post_tag","embeddable":true,"href":"https:\/\/economiasocial.aupex.org\/index.php\/wp-json\/wp\/v2\/tags?post=232"}],"curies":[{"name":"wp","href":"https:\/\/api.w.org\/{rel}","templated":true}]}}