{"id":364,"date":"2020-11-13T16:51:31","date_gmt":"2020-11-13T16:51:31","guid":{"rendered":"http:\/\/economiasocial.aupex.org\/?p=364"},"modified":"2020-12-22T12:37:43","modified_gmt":"2020-12-22T12:37:43","slug":"reactiva-emprende-provincia-de-caceres","status":"publish","type":"post","link":"https:\/\/economiasocial.aupex.org\/index.php\/2020\/11\/13\/reactiva-emprende-provincia-de-caceres\/","title":{"rendered":"ReActiva EMPRENDE (PROVINCIA DE C\u00c1CERES)"},"content":{"rendered":"\n<p>Ayudas destinadas a apoyar de manera extraordinaria, a personas f\u00edsicas que pongan en marcha actividades econ\u00f3micas, negocios o peque\u00f1as empresas, y\/o aut\u00f3nomos desde el inicio de la pandemia en los municipios con poblaci\u00f3n inferior a 20.000 habitantes y en las entidades locales menores de la provincia de C\u00e1ceres.&nbsp;<\/p>\n\n\n\n<p><strong>L\u00cdNEA 1: INICIO DE ACTIVIDAD.<\/strong><\/p>\n\n\n\n<p>Podr\u00e1n solicitar esta l\u00ednea de subvenci\u00f3n todas aquellas personas que inicien una actividad o la hayan iniciado con desde al 14 de marzo como trabajadores\/as aut\u00f3nomos\/as. REQUISITOS: El plazo para el inicio de la actividad estar\u00e1 comprendido entre el 14 de marzo de 2020- posterior a la declaraci\u00f3n del estado de alarma- y el 14 de marzo de 2021. Que no hayan sido beneficiarios\/as de subvenci\u00f3n en la anterior edici\u00f3n del Plan Emprende.<\/p>\n\n\n\n<p>CUANT\u00cdA: 8.000 euros en el caso de municipios de menos de 1.500 habitantes. 6.000 euros en el caso de municipios de 1.500 a 20.000 habitantes.<\/p>\n\n\n\n<p>CUARTO.- GASTOS SUBVENCIONABLES.<\/p>\n\n\n\n<p>En concreto, esta subvenci\u00f3n cubrir\u00e1 todos aquellos gastos corrientes necesarios para la puesta en marcha de la actividad e impulso de actividades ya existentes, que hayan tenido lugar entre el 14 de marzo de 2020 y 14 de marzo de 2021, y en concreto los siguientes:<\/p>\n\n\n\n<p>&#8211; El coste de cuotas: del R\u00e9gimen Especial de Trabajadores\/as Aut\u00f3nomos\/as de la Seguridad Social o en aquel que legal o estatutariamente les corresponda.<\/p>\n\n\n\n<p>&#8211; Gastos de personal: si para la puesta en marcha\/creaci\u00f3n de nuevas l\u00edneas de actividad han contratado a otras personas. &#8211; Gastos de arrendamientos: en inmovilizado material e inmaterial necesario para el desarrollo de la actividad.<\/p>\n\n\n\n<p>&#8211; Gastos de suministro: de agua, gas, electricidad, tel\u00e9fono o similares.<\/p>\n\n\n\n<p>&#8211; Gastos de asesor\u00eda y gestor, laboral o financiera: hasta un l\u00edmite de 50 euros por mes por los tres conceptos considerados conjuntamente.<\/p>\n\n\n\n<p>&#8211; Gastos de seguros.<\/p>\n\n\n\n<p>&#8211; Gastos de notar\u00eda y registro: si est\u00e1n directamente relacionados con la actuaci\u00f3n\/acci\u00f3n subvencionada y son indispensables para la adecuada preparaci\u00f3n o ejecuci\u00f3n de las mismas. En ning\u00fan caso los importes subvencionados podr\u00e1n ser de tal cuant\u00eda que, en concurrencia con subvenciones de otras Administraciones P\u00fablicas, superen el coste de la actividad subvencionada a desarrollar por el\/a beneficiario\/a.<\/p>\n\n\n\n<p>El IVA no se considerar\u00e1, en ning\u00fan caso, gasto subvencionable, ni los impuestos indirectos que sean susceptibles de recuperaci\u00f3n o compensaci\u00f3n, ni los tipos de gastos a que alude el art\u00edculo 31.7 de la Ley 38\/2003, de 17 de noviembre, General de Subvenciones.<\/p>\n\n\n\n<p>Fuente Extremadura Empresarial<\/p>\n\n\n\n<p><a href=\"https:\/\/bop.dip-caceres.es\/bop\/anuncio.html?csv=BOP-2020-4949\" target=\"_blank\" rel=\"noreferrer noopener\">BOP-2020-4949 Normas reguladoras Reactiva Emprende.<\/a><\/p>\n","protected":false},"excerpt":{"rendered":"<p>Ayudas destinadas a apoyar de manera extraordinaria, a personas f\u00edsicas que pongan en marcha actividades econ\u00f3micas, negocios o peque\u00f1as empresas, y\/o aut\u00f3nomos desde el inicio de la pandemia en los municipios con poblaci\u00f3n inferior a 20.000 habitantes y en las entidades locales menores de la provincia de C\u00e1ceres.&nbsp; L\u00cdNEA 1: [&hellip;]<\/p>\n","protected":false},"author":4,"featured_media":366,"comment_status":"closed","ping_status":"closed","sticky":false,"template":"","format":"standard","meta":{"jetpack_post_was_ever_published":false,"_jetpack_newsletter_access":"","_jetpack_dont_email_post_to_subs":false,"_jetpack_newsletter_tier_id":0,"_jetpack_memberships_contains_paywalled_content":false,"_jetpack_memberships_contains_paid_content":false,"footnotes":""},"categories":[23],"tags":[25,24,4],"class_list":["post-364","post","type-post","status-publish","format-standard","has-post-thumbnail","hentry","category-convocatorias","tag-caceres","tag-convocatorias","tag-economia-social"],"yoast_head":"<!-- This site is optimized with the Yoast SEO plugin v27.2 - https:\/\/yoast.com\/product\/yoast-seo-wordpress\/ -->\n<title>ReActiva EMPRENDE (PROVINCIA DE C\u00c1CERES) - Econom\u00eda Social sin barreras<\/title>\n<meta name=\"description\" content=\"ReActiva EMPRENDE (PROVINCIA DE C\u00c1CERES). Ayudas destinadas a apoyar de manera extraordinaria, a personas f\u00edsicas\" \/>\n<meta name=\"robots\" content=\"index, follow, max-snippet:-1, max-image-preview:large, max-video-preview:-1\" \/>\n<link rel=\"canonical\" href=\"https:\/\/economiasocial.aupex.org\/index.php\/2020\/11\/13\/reactiva-emprende-provincia-de-caceres\/\" \/>\n<meta property=\"og:locale\" content=\"es_ES\" \/>\n<meta property=\"og:type\" content=\"article\" \/>\n<meta property=\"og:title\" content=\"ReActiva EMPRENDE (PROVINCIA DE C\u00c1CERES) - Econom\u00eda Social sin barreras\" \/>\n<meta property=\"og:description\" content=\"ReActiva EMPRENDE (PROVINCIA DE C\u00c1CERES). Ayudas destinadas a apoyar de manera extraordinaria, a personas f\u00edsicas\" \/>\n<meta property=\"og:url\" content=\"https:\/\/economiasocial.aupex.org\/index.php\/2020\/11\/13\/reactiva-emprende-provincia-de-caceres\/\" \/>\n<meta property=\"og:site_name\" content=\"Econom\u00eda Social sin barreras\" \/>\n<meta property=\"article:published_time\" content=\"2020-11-13T16:51:31+00:00\" \/>\n<meta property=\"article:modified_time\" content=\"2020-12-22T12:37:43+00:00\" \/>\n<meta property=\"og:image\" content=\"https:\/\/i0.wp.com\/economiasocial.aupex.org\/wp-content\/uploads\/2020\/12\/2017080210035446537.jpg?fit=770%2C512&ssl=1\" \/>\n\t<meta property=\"og:image:width\" content=\"770\" \/>\n\t<meta property=\"og:image:height\" content=\"512\" \/>\n\t<meta property=\"og:image:type\" content=\"image\/jpeg\" \/>\n<meta name=\"author\" content=\"Econom\u00eda Social\" \/>\n<meta name=\"twitter:card\" content=\"summary_large_image\" \/>\n<meta name=\"twitter:label1\" content=\"Escrito por\" \/>\n\t<meta name=\"twitter:data1\" content=\"Econom\u00eda Social\" \/>\n\t<meta name=\"twitter:label2\" content=\"Tiempo de lectura\" \/>\n\t<meta name=\"twitter:data2\" content=\"2 minutos\" \/>\n<script type=\"application\/ld+json\" class=\"yoast-schema-graph\">{\"@context\":\"https:\/\/schema.org\",\"@graph\":[{\"@type\":\"Article\",\"@id\":\"https:\/\/economiasocial.aupex.org\/index.php\/2020\/11\/13\/reactiva-emprende-provincia-de-caceres\/#article\",\"isPartOf\":{\"@id\":\"https:\/\/economiasocial.aupex.org\/index.php\/2020\/11\/13\/reactiva-emprende-provincia-de-caceres\/\"},\"author\":{\"name\":\"Econom\u00eda Social\",\"@id\":\"https:\/\/economiasocial.aupex.org\/#\/schema\/person\/ae95cdad5353a96301e1656f23fc7977\"},\"headline\":\"ReActiva EMPRENDE (PROVINCIA DE C\u00c1CERES)\",\"datePublished\":\"2020-11-13T16:51:31+00:00\",\"dateModified\":\"2020-12-22T12:37:43+00:00\",\"mainEntityOfPage\":{\"@id\":\"https:\/\/economiasocial.aupex.org\/index.php\/2020\/11\/13\/reactiva-emprende-provincia-de-caceres\/\"},\"wordCount\":444,\"publisher\":{\"@id\":\"https:\/\/economiasocial.aupex.org\/#organization\"},\"image\":{\"@id\":\"https:\/\/economiasocial.aupex.org\/index.php\/2020\/11\/13\/reactiva-emprende-provincia-de-caceres\/#primaryimage\"},\"thumbnailUrl\":\"https:\/\/i0.wp.com\/economiasocial.aupex.org\/wp-content\/uploads\/2020\/12\/2017080210035446537.jpg?fit=770%2C512&ssl=1\",\"keywords\":[\"C\u00e1ceres\",\"Convocatorias\",\"economia social\"],\"articleSection\":[\"Convocatorias\"],\"inLanguage\":\"es\"},{\"@type\":\"WebPage\",\"@id\":\"https:\/\/economiasocial.aupex.org\/index.php\/2020\/11\/13\/reactiva-emprende-provincia-de-caceres\/\",\"url\":\"https:\/\/economiasocial.aupex.org\/index.php\/2020\/11\/13\/reactiva-emprende-provincia-de-caceres\/\",\"name\":\"ReActiva EMPRENDE (PROVINCIA DE C\u00c1CERES) - Econom\u00eda Social sin barreras\",\"isPartOf\":{\"@id\":\"https:\/\/economiasocial.aupex.org\/#website\"},\"primaryImageOfPage\":{\"@id\":\"https:\/\/economiasocial.aupex.org\/index.php\/2020\/11\/13\/reactiva-emprende-provincia-de-caceres\/#primaryimage\"},\"image\":{\"@id\":\"https:\/\/economiasocial.aupex.org\/index.php\/2020\/11\/13\/reactiva-emprende-provincia-de-caceres\/#primaryimage\"},\"thumbnailUrl\":\"https:\/\/i0.wp.com\/economiasocial.aupex.org\/wp-content\/uploads\/2020\/12\/2017080210035446537.jpg?fit=770%2C512&ssl=1\",\"datePublished\":\"2020-11-13T16:51:31+00:00\",\"dateModified\":\"2020-12-22T12:37:43+00:00\",\"description\":\"ReActiva EMPRENDE (PROVINCIA DE C\u00c1CERES). Ayudas destinadas a apoyar de manera extraordinaria, a personas f\u00edsicas\",\"breadcrumb\":{\"@id\":\"https:\/\/economiasocial.aupex.org\/index.php\/2020\/11\/13\/reactiva-emprende-provincia-de-caceres\/#breadcrumb\"},\"inLanguage\":\"es\",\"potentialAction\":[{\"@type\":\"ReadAction\",\"target\":[\"https:\/\/economiasocial.aupex.org\/index.php\/2020\/11\/13\/reactiva-emprende-provincia-de-caceres\/\"]}]},{\"@type\":\"ImageObject\",\"inLanguage\":\"es\",\"@id\":\"https:\/\/economiasocial.aupex.org\/index.php\/2020\/11\/13\/reactiva-emprende-provincia-de-caceres\/#primaryimage\",\"url\":\"https:\/\/i0.wp.com\/economiasocial.aupex.org\/wp-content\/uploads\/2020\/12\/2017080210035446537.jpg?fit=770%2C512&ssl=1\",\"contentUrl\":\"https:\/\/i0.wp.com\/economiasocial.aupex.org\/wp-content\/uploads\/2020\/12\/2017080210035446537.jpg?fit=770%2C512&ssl=1\",\"width\":770,\"height\":512},{\"@type\":\"BreadcrumbList\",\"@id\":\"https:\/\/economiasocial.aupex.org\/index.php\/2020\/11\/13\/reactiva-emprende-provincia-de-caceres\/#breadcrumb\",\"itemListElement\":[{\"@type\":\"ListItem\",\"position\":1,\"name\":\"Portada\",\"item\":\"https:\/\/economiasocial.aupex.org\/\"},{\"@type\":\"ListItem\",\"position\":2,\"name\":\"ReActiva EMPRENDE (PROVINCIA DE C\u00c1CERES)\"}]},{\"@type\":\"WebSite\",\"@id\":\"https:\/\/economiasocial.aupex.org\/#website\",\"url\":\"https:\/\/economiasocial.aupex.org\/\",\"name\":\"Econom\u00eda Social sin barreras\",\"description\":\"Con las personas dependientes de Extremadura\",\"publisher\":{\"@id\":\"https:\/\/economiasocial.aupex.org\/#organization\"},\"potentialAction\":[{\"@type\":\"SearchAction\",\"target\":{\"@type\":\"EntryPoint\",\"urlTemplate\":\"https:\/\/economiasocial.aupex.org\/?s={search_term_string}\"},\"query-input\":{\"@type\":\"PropertyValueSpecification\",\"valueRequired\":true,\"valueName\":\"search_term_string\"}}],\"inLanguage\":\"es\"},{\"@type\":\"Organization\",\"@id\":\"https:\/\/economiasocial.aupex.org\/#organization\",\"name\":\"Econom\u00eda Social sin barreras\",\"url\":\"https:\/\/economiasocial.aupex.org\/\",\"logo\":{\"@type\":\"ImageObject\",\"inLanguage\":\"es\",\"@id\":\"https:\/\/economiasocial.aupex.org\/#\/schema\/logo\/image\/\",\"url\":\"https:\/\/i2.wp.com\/economiasocial.aupex.org\/wp-content\/uploads\/2020\/12\/ES_logo.png?fit=1139%2C363\",\"contentUrl\":\"https:\/\/i2.wp.com\/economiasocial.aupex.org\/wp-content\/uploads\/2020\/12\/ES_logo.png?fit=1139%2C363\",\"width\":1139,\"height\":363,\"caption\":\"Econom\u00eda Social sin barreras\"},\"image\":{\"@id\":\"https:\/\/economiasocial.aupex.org\/#\/schema\/logo\/image\/\"}},{\"@type\":\"Person\",\"@id\":\"https:\/\/economiasocial.aupex.org\/#\/schema\/person\/ae95cdad5353a96301e1656f23fc7977\",\"name\":\"Econom\u00eda Social\",\"image\":{\"@type\":\"ImageObject\",\"inLanguage\":\"es\",\"@id\":\"https:\/\/secure.gravatar.com\/avatar\/abad44c8e70f9c1fe0a0c40c578936c454468f2efa7117d1f3039f16bb5a68d9?s=96&d=mm&r=g\",\"url\":\"https:\/\/secure.gravatar.com\/avatar\/abad44c8e70f9c1fe0a0c40c578936c454468f2efa7117d1f3039f16bb5a68d9?s=96&d=mm&r=g\",\"contentUrl\":\"https:\/\/secure.gravatar.com\/avatar\/abad44c8e70f9c1fe0a0c40c578936c454468f2efa7117d1f3039f16bb5a68d9?s=96&d=mm&r=g\",\"caption\":\"Econom\u00eda Social\"},\"sameAs\":[\"http:\/\/www.aupex.org\"],\"url\":\"https:\/\/economiasocial.aupex.org\/index.php\/author\/admin\/\"}]}<\/script>\n<!-- \/ Yoast SEO plugin. -->","yoast_head_json":{"title":"ReActiva EMPRENDE (PROVINCIA DE C\u00c1CERES) - Econom\u00eda Social sin barreras","description":"ReActiva EMPRENDE (PROVINCIA DE C\u00c1CERES). Ayudas destinadas a apoyar de manera extraordinaria, a personas f\u00edsicas","robots":{"index":"index","follow":"follow","max-snippet":"max-snippet:-1","max-image-preview":"max-image-preview:large","max-video-preview":"max-video-preview:-1"},"canonical":"https:\/\/economiasocial.aupex.org\/index.php\/2020\/11\/13\/reactiva-emprende-provincia-de-caceres\/","og_locale":"es_ES","og_type":"article","og_title":"ReActiva EMPRENDE (PROVINCIA DE C\u00c1CERES) - Econom\u00eda Social sin barreras","og_description":"ReActiva EMPRENDE (PROVINCIA DE C\u00c1CERES). Ayudas destinadas a apoyar de manera extraordinaria, a personas f\u00edsicas","og_url":"https:\/\/economiasocial.aupex.org\/index.php\/2020\/11\/13\/reactiva-emprende-provincia-de-caceres\/","og_site_name":"Econom\u00eda Social sin barreras","article_published_time":"2020-11-13T16:51:31+00:00","article_modified_time":"2020-12-22T12:37:43+00:00","og_image":[{"width":770,"height":512,"url":"https:\/\/i0.wp.com\/economiasocial.aupex.org\/wp-content\/uploads\/2020\/12\/2017080210035446537.jpg?fit=770%2C512&ssl=1","type":"image\/jpeg"}],"author":"Econom\u00eda Social","twitter_card":"summary_large_image","twitter_misc":{"Escrito por":"Econom\u00eda Social","Tiempo de lectura":"2 minutos"},"schema":{"@context":"https:\/\/schema.org","@graph":[{"@type":"Article","@id":"https:\/\/economiasocial.aupex.org\/index.php\/2020\/11\/13\/reactiva-emprende-provincia-de-caceres\/#article","isPartOf":{"@id":"https:\/\/economiasocial.aupex.org\/index.php\/2020\/11\/13\/reactiva-emprende-provincia-de-caceres\/"},"author":{"name":"Econom\u00eda Social","@id":"https:\/\/economiasocial.aupex.org\/#\/schema\/person\/ae95cdad5353a96301e1656f23fc7977"},"headline":"ReActiva EMPRENDE (PROVINCIA DE C\u00c1CERES)","datePublished":"2020-11-13T16:51:31+00:00","dateModified":"2020-12-22T12:37:43+00:00","mainEntityOfPage":{"@id":"https:\/\/economiasocial.aupex.org\/index.php\/2020\/11\/13\/reactiva-emprende-provincia-de-caceres\/"},"wordCount":444,"publisher":{"@id":"https:\/\/economiasocial.aupex.org\/#organization"},"image":{"@id":"https:\/\/economiasocial.aupex.org\/index.php\/2020\/11\/13\/reactiva-emprende-provincia-de-caceres\/#primaryimage"},"thumbnailUrl":"https:\/\/i0.wp.com\/economiasocial.aupex.org\/wp-content\/uploads\/2020\/12\/2017080210035446537.jpg?fit=770%2C512&ssl=1","keywords":["C\u00e1ceres","Convocatorias","economia social"],"articleSection":["Convocatorias"],"inLanguage":"es"},{"@type":"WebPage","@id":"https:\/\/economiasocial.aupex.org\/index.php\/2020\/11\/13\/reactiva-emprende-provincia-de-caceres\/","url":"https:\/\/economiasocial.aupex.org\/index.php\/2020\/11\/13\/reactiva-emprende-provincia-de-caceres\/","name":"ReActiva EMPRENDE (PROVINCIA DE C\u00c1CERES) - Econom\u00eda Social sin barreras","isPartOf":{"@id":"https:\/\/economiasocial.aupex.org\/#website"},"primaryImageOfPage":{"@id":"https:\/\/economiasocial.aupex.org\/index.php\/2020\/11\/13\/reactiva-emprende-provincia-de-caceres\/#primaryimage"},"image":{"@id":"https:\/\/economiasocial.aupex.org\/index.php\/2020\/11\/13\/reactiva-emprende-provincia-de-caceres\/#primaryimage"},"thumbnailUrl":"https:\/\/i0.wp.com\/economiasocial.aupex.org\/wp-content\/uploads\/2020\/12\/2017080210035446537.jpg?fit=770%2C512&ssl=1","datePublished":"2020-11-13T16:51:31+00:00","dateModified":"2020-12-22T12:37:43+00:00","description":"ReActiva EMPRENDE (PROVINCIA DE C\u00c1CERES). Ayudas destinadas a apoyar de manera extraordinaria, a personas f\u00edsicas","breadcrumb":{"@id":"https:\/\/economiasocial.aupex.org\/index.php\/2020\/11\/13\/reactiva-emprende-provincia-de-caceres\/#breadcrumb"},"inLanguage":"es","potentialAction":[{"@type":"ReadAction","target":["https:\/\/economiasocial.aupex.org\/index.php\/2020\/11\/13\/reactiva-emprende-provincia-de-caceres\/"]}]},{"@type":"ImageObject","inLanguage":"es","@id":"https:\/\/economiasocial.aupex.org\/index.php\/2020\/11\/13\/reactiva-emprende-provincia-de-caceres\/#primaryimage","url":"https:\/\/i0.wp.com\/economiasocial.aupex.org\/wp-content\/uploads\/2020\/12\/2017080210035446537.jpg?fit=770%2C512&ssl=1","contentUrl":"https:\/\/i0.wp.com\/economiasocial.aupex.org\/wp-content\/uploads\/2020\/12\/2017080210035446537.jpg?fit=770%2C512&ssl=1","width":770,"height":512},{"@type":"BreadcrumbList","@id":"https:\/\/economiasocial.aupex.org\/index.php\/2020\/11\/13\/reactiva-emprende-provincia-de-caceres\/#breadcrumb","itemListElement":[{"@type":"ListItem","position":1,"name":"Portada","item":"https:\/\/economiasocial.aupex.org\/"},{"@type":"ListItem","position":2,"name":"ReActiva EMPRENDE (PROVINCIA DE C\u00c1CERES)"}]},{"@type":"WebSite","@id":"https:\/\/economiasocial.aupex.org\/#website","url":"https:\/\/economiasocial.aupex.org\/","name":"Econom\u00eda Social sin barreras","description":"Con las personas dependientes de Extremadura","publisher":{"@id":"https:\/\/economiasocial.aupex.org\/#organization"},"potentialAction":[{"@type":"SearchAction","target":{"@type":"EntryPoint","urlTemplate":"https:\/\/economiasocial.aupex.org\/?s={search_term_string}"},"query-input":{"@type":"PropertyValueSpecification","valueRequired":true,"valueName":"search_term_string"}}],"inLanguage":"es"},{"@type":"Organization","@id":"https:\/\/economiasocial.aupex.org\/#organization","name":"Econom\u00eda Social sin barreras","url":"https:\/\/economiasocial.aupex.org\/","logo":{"@type":"ImageObject","inLanguage":"es","@id":"https:\/\/economiasocial.aupex.org\/#\/schema\/logo\/image\/","url":"https:\/\/i2.wp.com\/economiasocial.aupex.org\/wp-content\/uploads\/2020\/12\/ES_logo.png?fit=1139%2C363","contentUrl":"https:\/\/i2.wp.com\/economiasocial.aupex.org\/wp-content\/uploads\/2020\/12\/ES_logo.png?fit=1139%2C363","width":1139,"height":363,"caption":"Econom\u00eda Social sin barreras"},"image":{"@id":"https:\/\/economiasocial.aupex.org\/#\/schema\/logo\/image\/"}},{"@type":"Person","@id":"https:\/\/economiasocial.aupex.org\/#\/schema\/person\/ae95cdad5353a96301e1656f23fc7977","name":"Econom\u00eda Social","image":{"@type":"ImageObject","inLanguage":"es","@id":"https:\/\/secure.gravatar.com\/avatar\/abad44c8e70f9c1fe0a0c40c578936c454468f2efa7117d1f3039f16bb5a68d9?s=96&d=mm&r=g","url":"https:\/\/secure.gravatar.com\/avatar\/abad44c8e70f9c1fe0a0c40c578936c454468f2efa7117d1f3039f16bb5a68d9?s=96&d=mm&r=g","contentUrl":"https:\/\/secure.gravatar.com\/avatar\/abad44c8e70f9c1fe0a0c40c578936c454468f2efa7117d1f3039f16bb5a68d9?s=96&d=mm&r=g","caption":"Econom\u00eda Social"},"sameAs":["http:\/\/www.aupex.org"],"url":"https:\/\/economiasocial.aupex.org\/index.php\/author\/admin\/"}]}},"jetpack_featured_media_url":"https:\/\/i0.wp.com\/economiasocial.aupex.org\/wp-content\/uploads\/2020\/12\/2017080210035446537.jpg?fit=770%2C512&ssl=1","jetpack_shortlink":"https:\/\/wp.me\/pasIM4-5S","jetpack-related-posts":[],"jetpack_sharing_enabled":true,"_links":{"self":[{"href":"https:\/\/economiasocial.aupex.org\/index.php\/wp-json\/wp\/v2\/posts\/364","targetHints":{"allow":["GET"]}}],"collection":[{"href":"https:\/\/economiasocial.aupex.org\/index.php\/wp-json\/wp\/v2\/posts"}],"about":[{"href":"https:\/\/economiasocial.aupex.org\/index.php\/wp-json\/wp\/v2\/types\/post"}],"author":[{"embeddable":true,"href":"https:\/\/economiasocial.aupex.org\/index.php\/wp-json\/wp\/v2\/users\/4"}],"replies":[{"embeddable":true,"href":"https:\/\/economiasocial.aupex.org\/index.php\/wp-json\/wp\/v2\/comments?post=364"}],"version-history":[{"count":2,"href":"https:\/\/economiasocial.aupex.org\/index.php\/wp-json\/wp\/v2\/posts\/364\/revisions"}],"predecessor-version":[{"id":367,"href":"https:\/\/economiasocial.aupex.org\/index.php\/wp-json\/wp\/v2\/posts\/364\/revisions\/367"}],"wp:featuredmedia":[{"embeddable":true,"href":"https:\/\/economiasocial.aupex.org\/index.php\/wp-json\/wp\/v2\/media\/366"}],"wp:attachment":[{"href":"https:\/\/economiasocial.aupex.org\/index.php\/wp-json\/wp\/v2\/media?parent=364"}],"wp:term":[{"taxonomy":"category","embeddable":true,"href":"https:\/\/economiasocial.aupex.org\/index.php\/wp-json\/wp\/v2\/categories?post=364"},{"taxonomy":"post_tag","embeddable":true,"href":"https:\/\/economiasocial.aupex.org\/index.php\/wp-json\/wp\/v2\/tags?post=364"}],"curies":[{"name":"wp","href":"https:\/\/api.w.org\/{rel}","templated":true}]}}