{"id":368,"date":"2020-12-17T17:04:51","date_gmt":"2020-12-17T17:04:51","guid":{"rendered":"http:\/\/economiasocial.aupex.org\/?p=368"},"modified":"2020-12-17T17:05:16","modified_gmt":"2020-12-17T17:05:16","slug":"subvenciones-para-el-fomento-del-empleo-de-las-personas-en-situacion-de-exclusion-social-a-traves-de-empresas-de-insercion","status":"publish","type":"post","link":"https:\/\/economiasocial.aupex.org\/index.php\/2020\/12\/17\/subvenciones-para-el-fomento-del-empleo-de-las-personas-en-situacion-de-exclusion-social-a-traves-de-empresas-de-insercion\/","title":{"rendered":"Subvenciones para el fomento del empleo de las personas en situaci\u00f3n de exclusi\u00f3n social a trav\u00e9s de empresas de inserci\u00f3n"},"content":{"rendered":"\n<p>Subvenciones para el fomento del empleo de las personas en situaci\u00f3n de exclusi\u00f3n social a trav\u00e9s de empresas de inserci\u00f3n. <\/p>\n\n\n\n<p>Subvenciones para el fomento del empleo de las&nbsp;personas en situaci\u00f3n de exclusi\u00f3n social a trav\u00e9s de empresas de inserci\u00f3n&nbsp;de la Comunidad Aut\u00f3noma de Extremadura, correspondiente al ejercicio&nbsp;2019-2020. Se establecen los siguientes programas:<\/p>\n\n\n\n<ul class=\"wp-block-list\"><li><strong>Programa I<\/strong>: Ayudas a la creaci\u00f3n de puestos de trabajo para personas en situaci\u00f3n o&nbsp;riesgo de exclusi\u00f3n social en empresas de inserci\u00f3n.<\/li><li><strong>Programa II<\/strong>: Ayudas al mantenimiento de puestos de trabajo para personas en situaci\u00f3n&nbsp;o riesgo de exclusi\u00f3n social en empresas de inserci\u00f3n.<\/li><li><strong>Programa III<\/strong>: Ayudas a la contrataci\u00f3n de personal experto en acciones de orientaci\u00f3n&nbsp;y acompa\u00f1amiento a la inserci\u00f3n y\/o personal t\u00e9cnico de&nbsp;producci\u00f3n dirigidas a empresas&nbsp;de inserci\u00f3n.<\/li><li><strong>Programa IV<\/strong>: Ayudas a la inserci\u00f3n en el mercado laboral ordinario, de personas trabajadoras&nbsp;procedentes de empresas de inserci\u00f3n y que hayan sido objeto de subvenci\u00f3n&nbsp;en los programas I y\/o II anteriores.<\/li><\/ul>\n\n\n\n<p>Fuente: <a href=\"https:\/\/extremaduratrabaja.juntaex.es\/\" target=\"_blank\" rel=\"noreferrer noopener\">Extremadura Trabaja<\/a><\/p>\n\n\n\n<p><a href=\"http:\/\/doe.gobex.es\/pdfs\/doe\/2020\/2200o\/20062377.pdf\" target=\"_blank\" rel=\"noreferrer noopener\">Doe N\u00fam. 220 &#8211;<em>Viernes, 13 de noviembre de 2020<\/em><\/a><\/p>\n","protected":false},"excerpt":{"rendered":"<p>Subvenciones para el fomento del empleo de las personas en situaci\u00f3n de exclusi\u00f3n social a trav\u00e9s de empresas de inserci\u00f3n. Subvenciones para el fomento del empleo de las&nbsp;personas en situaci\u00f3n de exclusi\u00f3n social a trav\u00e9s de empresas de inserci\u00f3n&nbsp;de la Comunidad Aut\u00f3noma de Extremadura, correspondiente al ejercicio&nbsp;2019-2020. Se establecen los [&hellip;]<\/p>\n","protected":false},"author":4,"featured_media":369,"comment_status":"closed","ping_status":"closed","sticky":false,"template":"","format":"standard","meta":{"jetpack_post_was_ever_published":false,"_jetpack_newsletter_access":"","_jetpack_dont_email_post_to_subs":false,"_jetpack_newsletter_tier_id":0,"_jetpack_memberships_contains_paywalled_content":false,"_jetpack_memberships_contains_paid_content":false,"footnotes":""},"categories":[23],"tags":[24,22,26,27],"class_list":["post-368","post","type-post","status-publish","format-standard","has-post-thumbnail","hentry","category-convocatorias","tag-convocatorias","tag-empresas-de-insercion","tag-extremadura","tag-subvencion"],"yoast_head":"<!-- This site is optimized with the Yoast SEO plugin v27.2 - https:\/\/yoast.com\/product\/yoast-seo-wordpress\/ -->\n<title>Subvenciones para el fomento del empleo de las personas en situaci\u00f3n de exclusi\u00f3n social a trav\u00e9s de empresas de inserci\u00f3n - Econom\u00eda Social sin barreras<\/title>\n<meta name=\"description\" content=\"Subvenciones para el fomento del empleo de las personas en situaci\u00f3n de exclusi\u00f3n social a trav\u00e9s de empresas de inserci\u00f3n\" \/>\n<meta name=\"robots\" content=\"index, follow, max-snippet:-1, max-image-preview:large, max-video-preview:-1\" \/>\n<link rel=\"canonical\" href=\"https:\/\/economiasocial.aupex.org\/index.php\/2020\/12\/17\/subvenciones-para-el-fomento-del-empleo-de-las-personas-en-situacion-de-exclusion-social-a-traves-de-empresas-de-insercion\/\" \/>\n<meta property=\"og:locale\" content=\"es_ES\" \/>\n<meta property=\"og:type\" content=\"article\" \/>\n<meta property=\"og:title\" content=\"Subvenciones para el fomento del empleo de las personas en situaci\u00f3n de exclusi\u00f3n social a trav\u00e9s de empresas de inserci\u00f3n - Econom\u00eda Social sin barreras\" \/>\n<meta property=\"og:description\" content=\"Subvenciones para el fomento del empleo de las personas en situaci\u00f3n de exclusi\u00f3n social a trav\u00e9s de empresas de inserci\u00f3n\" \/>\n<meta property=\"og:url\" content=\"https:\/\/economiasocial.aupex.org\/index.php\/2020\/12\/17\/subvenciones-para-el-fomento-del-empleo-de-las-personas-en-situacion-de-exclusion-social-a-traves-de-empresas-de-insercion\/\" \/>\n<meta property=\"og:site_name\" content=\"Econom\u00eda Social sin barreras\" \/>\n<meta property=\"article:published_time\" content=\"2020-12-17T17:04:51+00:00\" \/>\n<meta property=\"article:modified_time\" content=\"2020-12-17T17:05:16+00:00\" \/>\n<meta property=\"og:image\" content=\"https:\/\/i0.wp.com\/economiasocial.aupex.org\/wp-content\/uploads\/2020\/12\/trabaja-ktjB-U60579922053bEB-624x385@Hoy.jpg?fit=624%2C385&ssl=1\" \/>\n\t<meta property=\"og:image:width\" content=\"624\" \/>\n\t<meta property=\"og:image:height\" content=\"385\" \/>\n\t<meta property=\"og:image:type\" content=\"image\/jpeg\" \/>\n<meta name=\"author\" content=\"Econom\u00eda Social\" \/>\n<meta name=\"twitter:card\" content=\"summary_large_image\" \/>\n<meta name=\"twitter:label1\" content=\"Escrito por\" \/>\n\t<meta name=\"twitter:data1\" content=\"Econom\u00eda Social\" \/>\n\t<meta name=\"twitter:label2\" content=\"Tiempo de lectura\" \/>\n\t<meta name=\"twitter:data2\" content=\"1 minuto\" \/>\n<script type=\"application\/ld+json\" class=\"yoast-schema-graph\">{\"@context\":\"https:\/\/schema.org\",\"@graph\":[{\"@type\":\"Article\",\"@id\":\"https:\/\/economiasocial.aupex.org\/index.php\/2020\/12\/17\/subvenciones-para-el-fomento-del-empleo-de-las-personas-en-situacion-de-exclusion-social-a-traves-de-empresas-de-insercion\/#article\",\"isPartOf\":{\"@id\":\"https:\/\/economiasocial.aupex.org\/index.php\/2020\/12\/17\/subvenciones-para-el-fomento-del-empleo-de-las-personas-en-situacion-de-exclusion-social-a-traves-de-empresas-de-insercion\/\"},\"author\":{\"name\":\"Econom\u00eda Social\",\"@id\":\"https:\/\/economiasocial.aupex.org\/#\/schema\/person\/ae95cdad5353a96301e1656f23fc7977\"},\"headline\":\"Subvenciones para el fomento del empleo de las personas en situaci\u00f3n de exclusi\u00f3n social a trav\u00e9s de empresas de inserci\u00f3n\",\"datePublished\":\"2020-12-17T17:04:51+00:00\",\"dateModified\":\"2020-12-17T17:05:16+00:00\",\"mainEntityOfPage\":{\"@id\":\"https:\/\/economiasocial.aupex.org\/index.php\/2020\/12\/17\/subvenciones-para-el-fomento-del-empleo-de-las-personas-en-situacion-de-exclusion-social-a-traves-de-empresas-de-insercion\/\"},\"wordCount\":233,\"publisher\":{\"@id\":\"https:\/\/economiasocial.aupex.org\/#organization\"},\"image\":{\"@id\":\"https:\/\/economiasocial.aupex.org\/index.php\/2020\/12\/17\/subvenciones-para-el-fomento-del-empleo-de-las-personas-en-situacion-de-exclusion-social-a-traves-de-empresas-de-insercion\/#primaryimage\"},\"thumbnailUrl\":\"https:\/\/i0.wp.com\/economiasocial.aupex.org\/wp-content\/uploads\/2020\/12\/trabaja-ktjB-U60579922053bEB-624x385%40Hoy.jpg?fit=624%2C385&ssl=1\",\"keywords\":[\"Convocatorias\",\"Empresas de Inserci\u00f3n\",\"Extremadura\",\"subvenci\u00f3n\"],\"articleSection\":[\"Convocatorias\"],\"inLanguage\":\"es\"},{\"@type\":\"WebPage\",\"@id\":\"https:\/\/economiasocial.aupex.org\/index.php\/2020\/12\/17\/subvenciones-para-el-fomento-del-empleo-de-las-personas-en-situacion-de-exclusion-social-a-traves-de-empresas-de-insercion\/\",\"url\":\"https:\/\/economiasocial.aupex.org\/index.php\/2020\/12\/17\/subvenciones-para-el-fomento-del-empleo-de-las-personas-en-situacion-de-exclusion-social-a-traves-de-empresas-de-insercion\/\",\"name\":\"Subvenciones para el fomento del empleo de las personas en situaci\u00f3n de exclusi\u00f3n social a trav\u00e9s de empresas de inserci\u00f3n - Econom\u00eda Social sin barreras\",\"isPartOf\":{\"@id\":\"https:\/\/economiasocial.aupex.org\/#website\"},\"primaryImageOfPage\":{\"@id\":\"https:\/\/economiasocial.aupex.org\/index.php\/2020\/12\/17\/subvenciones-para-el-fomento-del-empleo-de-las-personas-en-situacion-de-exclusion-social-a-traves-de-empresas-de-insercion\/#primaryimage\"},\"image\":{\"@id\":\"https:\/\/economiasocial.aupex.org\/index.php\/2020\/12\/17\/subvenciones-para-el-fomento-del-empleo-de-las-personas-en-situacion-de-exclusion-social-a-traves-de-empresas-de-insercion\/#primaryimage\"},\"thumbnailUrl\":\"https:\/\/i0.wp.com\/economiasocial.aupex.org\/wp-content\/uploads\/2020\/12\/trabaja-ktjB-U60579922053bEB-624x385%40Hoy.jpg?fit=624%2C385&ssl=1\",\"datePublished\":\"2020-12-17T17:04:51+00:00\",\"dateModified\":\"2020-12-17T17:05:16+00:00\",\"description\":\"Subvenciones para el fomento del empleo de las personas en situaci\u00f3n de exclusi\u00f3n social a trav\u00e9s de empresas de inserci\u00f3n\",\"breadcrumb\":{\"@id\":\"https:\/\/economiasocial.aupex.org\/index.php\/2020\/12\/17\/subvenciones-para-el-fomento-del-empleo-de-las-personas-en-situacion-de-exclusion-social-a-traves-de-empresas-de-insercion\/#breadcrumb\"},\"inLanguage\":\"es\",\"potentialAction\":[{\"@type\":\"ReadAction\",\"target\":[\"https:\/\/economiasocial.aupex.org\/index.php\/2020\/12\/17\/subvenciones-para-el-fomento-del-empleo-de-las-personas-en-situacion-de-exclusion-social-a-traves-de-empresas-de-insercion\/\"]}]},{\"@type\":\"ImageObject\",\"inLanguage\":\"es\",\"@id\":\"https:\/\/economiasocial.aupex.org\/index.php\/2020\/12\/17\/subvenciones-para-el-fomento-del-empleo-de-las-personas-en-situacion-de-exclusion-social-a-traves-de-empresas-de-insercion\/#primaryimage\",\"url\":\"https:\/\/i0.wp.com\/economiasocial.aupex.org\/wp-content\/uploads\/2020\/12\/trabaja-ktjB-U60579922053bEB-624x385%40Hoy.jpg?fit=624%2C385&ssl=1\",\"contentUrl\":\"https:\/\/i0.wp.com\/economiasocial.aupex.org\/wp-content\/uploads\/2020\/12\/trabaja-ktjB-U60579922053bEB-624x385%40Hoy.jpg?fit=624%2C385&ssl=1\",\"width\":624,\"height\":385},{\"@type\":\"BreadcrumbList\",\"@id\":\"https:\/\/economiasocial.aupex.org\/index.php\/2020\/12\/17\/subvenciones-para-el-fomento-del-empleo-de-las-personas-en-situacion-de-exclusion-social-a-traves-de-empresas-de-insercion\/#breadcrumb\",\"itemListElement\":[{\"@type\":\"ListItem\",\"position\":1,\"name\":\"Portada\",\"item\":\"https:\/\/economiasocial.aupex.org\/\"},{\"@type\":\"ListItem\",\"position\":2,\"name\":\"Subvenciones para el fomento del empleo de las personas en situaci\u00f3n de exclusi\u00f3n social a trav\u00e9s de empresas de inserci\u00f3n\"}]},{\"@type\":\"WebSite\",\"@id\":\"https:\/\/economiasocial.aupex.org\/#website\",\"url\":\"https:\/\/economiasocial.aupex.org\/\",\"name\":\"Econom\u00eda Social sin barreras\",\"description\":\"Con las personas dependientes de Extremadura\",\"publisher\":{\"@id\":\"https:\/\/economiasocial.aupex.org\/#organization\"},\"potentialAction\":[{\"@type\":\"SearchAction\",\"target\":{\"@type\":\"EntryPoint\",\"urlTemplate\":\"https:\/\/economiasocial.aupex.org\/?s={search_term_string}\"},\"query-input\":{\"@type\":\"PropertyValueSpecification\",\"valueRequired\":true,\"valueName\":\"search_term_string\"}}],\"inLanguage\":\"es\"},{\"@type\":\"Organization\",\"@id\":\"https:\/\/economiasocial.aupex.org\/#organization\",\"name\":\"Econom\u00eda Social sin barreras\",\"url\":\"https:\/\/economiasocial.aupex.org\/\",\"logo\":{\"@type\":\"ImageObject\",\"inLanguage\":\"es\",\"@id\":\"https:\/\/economiasocial.aupex.org\/#\/schema\/logo\/image\/\",\"url\":\"https:\/\/i2.wp.com\/economiasocial.aupex.org\/wp-content\/uploads\/2020\/12\/ES_logo.png?fit=1139%2C363\",\"contentUrl\":\"https:\/\/i2.wp.com\/economiasocial.aupex.org\/wp-content\/uploads\/2020\/12\/ES_logo.png?fit=1139%2C363\",\"width\":1139,\"height\":363,\"caption\":\"Econom\u00eda Social sin barreras\"},\"image\":{\"@id\":\"https:\/\/economiasocial.aupex.org\/#\/schema\/logo\/image\/\"}},{\"@type\":\"Person\",\"@id\":\"https:\/\/economiasocial.aupex.org\/#\/schema\/person\/ae95cdad5353a96301e1656f23fc7977\",\"name\":\"Econom\u00eda Social\",\"image\":{\"@type\":\"ImageObject\",\"inLanguage\":\"es\",\"@id\":\"https:\/\/secure.gravatar.com\/avatar\/abad44c8e70f9c1fe0a0c40c578936c454468f2efa7117d1f3039f16bb5a68d9?s=96&d=mm&r=g\",\"url\":\"https:\/\/secure.gravatar.com\/avatar\/abad44c8e70f9c1fe0a0c40c578936c454468f2efa7117d1f3039f16bb5a68d9?s=96&d=mm&r=g\",\"contentUrl\":\"https:\/\/secure.gravatar.com\/avatar\/abad44c8e70f9c1fe0a0c40c578936c454468f2efa7117d1f3039f16bb5a68d9?s=96&d=mm&r=g\",\"caption\":\"Econom\u00eda Social\"},\"sameAs\":[\"http:\/\/www.aupex.org\"],\"url\":\"https:\/\/economiasocial.aupex.org\/index.php\/author\/admin\/\"}]}<\/script>\n<!-- \/ Yoast SEO plugin. -->","yoast_head_json":{"title":"Subvenciones para el fomento del empleo de las personas en situaci\u00f3n de exclusi\u00f3n social a trav\u00e9s de empresas de inserci\u00f3n - Econom\u00eda Social sin barreras","description":"Subvenciones para el fomento del empleo de las personas en situaci\u00f3n de exclusi\u00f3n social a trav\u00e9s de empresas de inserci\u00f3n","robots":{"index":"index","follow":"follow","max-snippet":"max-snippet:-1","max-image-preview":"max-image-preview:large","max-video-preview":"max-video-preview:-1"},"canonical":"https:\/\/economiasocial.aupex.org\/index.php\/2020\/12\/17\/subvenciones-para-el-fomento-del-empleo-de-las-personas-en-situacion-de-exclusion-social-a-traves-de-empresas-de-insercion\/","og_locale":"es_ES","og_type":"article","og_title":"Subvenciones para el fomento del empleo de las personas en situaci\u00f3n de exclusi\u00f3n social a trav\u00e9s de empresas de inserci\u00f3n - Econom\u00eda Social sin barreras","og_description":"Subvenciones para el fomento del empleo de las personas en situaci\u00f3n de exclusi\u00f3n social a trav\u00e9s de empresas de inserci\u00f3n","og_url":"https:\/\/economiasocial.aupex.org\/index.php\/2020\/12\/17\/subvenciones-para-el-fomento-del-empleo-de-las-personas-en-situacion-de-exclusion-social-a-traves-de-empresas-de-insercion\/","og_site_name":"Econom\u00eda Social sin barreras","article_published_time":"2020-12-17T17:04:51+00:00","article_modified_time":"2020-12-17T17:05:16+00:00","og_image":[{"width":624,"height":385,"url":"https:\/\/i0.wp.com\/economiasocial.aupex.org\/wp-content\/uploads\/2020\/12\/trabaja-ktjB-U60579922053bEB-624x385@Hoy.jpg?fit=624%2C385&ssl=1","type":"image\/jpeg"}],"author":"Econom\u00eda Social","twitter_card":"summary_large_image","twitter_misc":{"Escrito por":"Econom\u00eda Social","Tiempo de lectura":"1 minuto"},"schema":{"@context":"https:\/\/schema.org","@graph":[{"@type":"Article","@id":"https:\/\/economiasocial.aupex.org\/index.php\/2020\/12\/17\/subvenciones-para-el-fomento-del-empleo-de-las-personas-en-situacion-de-exclusion-social-a-traves-de-empresas-de-insercion\/#article","isPartOf":{"@id":"https:\/\/economiasocial.aupex.org\/index.php\/2020\/12\/17\/subvenciones-para-el-fomento-del-empleo-de-las-personas-en-situacion-de-exclusion-social-a-traves-de-empresas-de-insercion\/"},"author":{"name":"Econom\u00eda Social","@id":"https:\/\/economiasocial.aupex.org\/#\/schema\/person\/ae95cdad5353a96301e1656f23fc7977"},"headline":"Subvenciones para el fomento del empleo de las personas en situaci\u00f3n de exclusi\u00f3n social a trav\u00e9s de empresas de inserci\u00f3n","datePublished":"2020-12-17T17:04:51+00:00","dateModified":"2020-12-17T17:05:16+00:00","mainEntityOfPage":{"@id":"https:\/\/economiasocial.aupex.org\/index.php\/2020\/12\/17\/subvenciones-para-el-fomento-del-empleo-de-las-personas-en-situacion-de-exclusion-social-a-traves-de-empresas-de-insercion\/"},"wordCount":233,"publisher":{"@id":"https:\/\/economiasocial.aupex.org\/#organization"},"image":{"@id":"https:\/\/economiasocial.aupex.org\/index.php\/2020\/12\/17\/subvenciones-para-el-fomento-del-empleo-de-las-personas-en-situacion-de-exclusion-social-a-traves-de-empresas-de-insercion\/#primaryimage"},"thumbnailUrl":"https:\/\/i0.wp.com\/economiasocial.aupex.org\/wp-content\/uploads\/2020\/12\/trabaja-ktjB-U60579922053bEB-624x385%40Hoy.jpg?fit=624%2C385&ssl=1","keywords":["Convocatorias","Empresas de Inserci\u00f3n","Extremadura","subvenci\u00f3n"],"articleSection":["Convocatorias"],"inLanguage":"es"},{"@type":"WebPage","@id":"https:\/\/economiasocial.aupex.org\/index.php\/2020\/12\/17\/subvenciones-para-el-fomento-del-empleo-de-las-personas-en-situacion-de-exclusion-social-a-traves-de-empresas-de-insercion\/","url":"https:\/\/economiasocial.aupex.org\/index.php\/2020\/12\/17\/subvenciones-para-el-fomento-del-empleo-de-las-personas-en-situacion-de-exclusion-social-a-traves-de-empresas-de-insercion\/","name":"Subvenciones para el fomento del empleo de las personas en situaci\u00f3n de exclusi\u00f3n social a trav\u00e9s de empresas de inserci\u00f3n - Econom\u00eda Social sin barreras","isPartOf":{"@id":"https:\/\/economiasocial.aupex.org\/#website"},"primaryImageOfPage":{"@id":"https:\/\/economiasocial.aupex.org\/index.php\/2020\/12\/17\/subvenciones-para-el-fomento-del-empleo-de-las-personas-en-situacion-de-exclusion-social-a-traves-de-empresas-de-insercion\/#primaryimage"},"image":{"@id":"https:\/\/economiasocial.aupex.org\/index.php\/2020\/12\/17\/subvenciones-para-el-fomento-del-empleo-de-las-personas-en-situacion-de-exclusion-social-a-traves-de-empresas-de-insercion\/#primaryimage"},"thumbnailUrl":"https:\/\/i0.wp.com\/economiasocial.aupex.org\/wp-content\/uploads\/2020\/12\/trabaja-ktjB-U60579922053bEB-624x385%40Hoy.jpg?fit=624%2C385&ssl=1","datePublished":"2020-12-17T17:04:51+00:00","dateModified":"2020-12-17T17:05:16+00:00","description":"Subvenciones para el fomento del empleo de las personas en situaci\u00f3n de exclusi\u00f3n social a trav\u00e9s de empresas de inserci\u00f3n","breadcrumb":{"@id":"https:\/\/economiasocial.aupex.org\/index.php\/2020\/12\/17\/subvenciones-para-el-fomento-del-empleo-de-las-personas-en-situacion-de-exclusion-social-a-traves-de-empresas-de-insercion\/#breadcrumb"},"inLanguage":"es","potentialAction":[{"@type":"ReadAction","target":["https:\/\/economiasocial.aupex.org\/index.php\/2020\/12\/17\/subvenciones-para-el-fomento-del-empleo-de-las-personas-en-situacion-de-exclusion-social-a-traves-de-empresas-de-insercion\/"]}]},{"@type":"ImageObject","inLanguage":"es","@id":"https:\/\/economiasocial.aupex.org\/index.php\/2020\/12\/17\/subvenciones-para-el-fomento-del-empleo-de-las-personas-en-situacion-de-exclusion-social-a-traves-de-empresas-de-insercion\/#primaryimage","url":"https:\/\/i0.wp.com\/economiasocial.aupex.org\/wp-content\/uploads\/2020\/12\/trabaja-ktjB-U60579922053bEB-624x385%40Hoy.jpg?fit=624%2C385&ssl=1","contentUrl":"https:\/\/i0.wp.com\/economiasocial.aupex.org\/wp-content\/uploads\/2020\/12\/trabaja-ktjB-U60579922053bEB-624x385%40Hoy.jpg?fit=624%2C385&ssl=1","width":624,"height":385},{"@type":"BreadcrumbList","@id":"https:\/\/economiasocial.aupex.org\/index.php\/2020\/12\/17\/subvenciones-para-el-fomento-del-empleo-de-las-personas-en-situacion-de-exclusion-social-a-traves-de-empresas-de-insercion\/#breadcrumb","itemListElement":[{"@type":"ListItem","position":1,"name":"Portada","item":"https:\/\/economiasocial.aupex.org\/"},{"@type":"ListItem","position":2,"name":"Subvenciones para el fomento del empleo de las personas en situaci\u00f3n de exclusi\u00f3n social a trav\u00e9s de empresas de inserci\u00f3n"}]},{"@type":"WebSite","@id":"https:\/\/economiasocial.aupex.org\/#website","url":"https:\/\/economiasocial.aupex.org\/","name":"Econom\u00eda Social sin barreras","description":"Con las personas dependientes de Extremadura","publisher":{"@id":"https:\/\/economiasocial.aupex.org\/#organization"},"potentialAction":[{"@type":"SearchAction","target":{"@type":"EntryPoint","urlTemplate":"https:\/\/economiasocial.aupex.org\/?s={search_term_string}"},"query-input":{"@type":"PropertyValueSpecification","valueRequired":true,"valueName":"search_term_string"}}],"inLanguage":"es"},{"@type":"Organization","@id":"https:\/\/economiasocial.aupex.org\/#organization","name":"Econom\u00eda Social sin barreras","url":"https:\/\/economiasocial.aupex.org\/","logo":{"@type":"ImageObject","inLanguage":"es","@id":"https:\/\/economiasocial.aupex.org\/#\/schema\/logo\/image\/","url":"https:\/\/i2.wp.com\/economiasocial.aupex.org\/wp-content\/uploads\/2020\/12\/ES_logo.png?fit=1139%2C363","contentUrl":"https:\/\/i2.wp.com\/economiasocial.aupex.org\/wp-content\/uploads\/2020\/12\/ES_logo.png?fit=1139%2C363","width":1139,"height":363,"caption":"Econom\u00eda Social sin barreras"},"image":{"@id":"https:\/\/economiasocial.aupex.org\/#\/schema\/logo\/image\/"}},{"@type":"Person","@id":"https:\/\/economiasocial.aupex.org\/#\/schema\/person\/ae95cdad5353a96301e1656f23fc7977","name":"Econom\u00eda Social","image":{"@type":"ImageObject","inLanguage":"es","@id":"https:\/\/secure.gravatar.com\/avatar\/abad44c8e70f9c1fe0a0c40c578936c454468f2efa7117d1f3039f16bb5a68d9?s=96&d=mm&r=g","url":"https:\/\/secure.gravatar.com\/avatar\/abad44c8e70f9c1fe0a0c40c578936c454468f2efa7117d1f3039f16bb5a68d9?s=96&d=mm&r=g","contentUrl":"https:\/\/secure.gravatar.com\/avatar\/abad44c8e70f9c1fe0a0c40c578936c454468f2efa7117d1f3039f16bb5a68d9?s=96&d=mm&r=g","caption":"Econom\u00eda Social"},"sameAs":["http:\/\/www.aupex.org"],"url":"https:\/\/economiasocial.aupex.org\/index.php\/author\/admin\/"}]}},"jetpack_featured_media_url":"https:\/\/i0.wp.com\/economiasocial.aupex.org\/wp-content\/uploads\/2020\/12\/trabaja-ktjB-U60579922053bEB-624x385%40Hoy.jpg?fit=624%2C385&ssl=1","jetpack_shortlink":"https:\/\/wp.me\/pasIM4-5W","jetpack-related-posts":[],"jetpack_sharing_enabled":true,"_links":{"self":[{"href":"https:\/\/economiasocial.aupex.org\/index.php\/wp-json\/wp\/v2\/posts\/368","targetHints":{"allow":["GET"]}}],"collection":[{"href":"https:\/\/economiasocial.aupex.org\/index.php\/wp-json\/wp\/v2\/posts"}],"about":[{"href":"https:\/\/economiasocial.aupex.org\/index.php\/wp-json\/wp\/v2\/types\/post"}],"author":[{"embeddable":true,"href":"https:\/\/economiasocial.aupex.org\/index.php\/wp-json\/wp\/v2\/users\/4"}],"replies":[{"embeddable":true,"href":"https:\/\/economiasocial.aupex.org\/index.php\/wp-json\/wp\/v2\/comments?post=368"}],"version-history":[{"count":1,"href":"https:\/\/economiasocial.aupex.org\/index.php\/wp-json\/wp\/v2\/posts\/368\/revisions"}],"predecessor-version":[{"id":370,"href":"https:\/\/economiasocial.aupex.org\/index.php\/wp-json\/wp\/v2\/posts\/368\/revisions\/370"}],"wp:featuredmedia":[{"embeddable":true,"href":"https:\/\/economiasocial.aupex.org\/index.php\/wp-json\/wp\/v2\/media\/369"}],"wp:attachment":[{"href":"https:\/\/economiasocial.aupex.org\/index.php\/wp-json\/wp\/v2\/media?parent=368"}],"wp:term":[{"taxonomy":"category","embeddable":true,"href":"https:\/\/economiasocial.aupex.org\/index.php\/wp-json\/wp\/v2\/categories?post=368"},{"taxonomy":"post_tag","embeddable":true,"href":"https:\/\/economiasocial.aupex.org\/index.php\/wp-json\/wp\/v2\/tags?post=368"}],"curies":[{"name":"wp","href":"https:\/\/api.w.org\/{rel}","templated":true}]}}