{"id":380,"date":"2020-12-10T17:56:51","date_gmt":"2020-12-10T17:56:51","guid":{"rendered":"http:\/\/economiasocial.aupex.org\/?p=380"},"modified":"2020-12-22T12:42:53","modified_gmt":"2020-12-22T12:42:53","slug":"cepes-y-fundae","status":"publish","type":"post","link":"https:\/\/economiasocial.aupex.org\/index.php\/2020\/12\/10\/cepes-y-fundae\/","title":{"rendered":"CEPES y FUNDAE unen fuerzas para promover la formaci\u00f3n como palanca necesaria para la recuperaci\u00f3n y la transformaci\u00f3n empresarial"},"content":{"rendered":"\n<p>La formaci\u00f3n ser\u00e1 uno de los pilares de la reconstrucci\u00f3n seg\u00fan el Plan de Impulso de la Formaci\u00f3n Profesional del Trabajo Aut\u00f3nomo y la Econom\u00eda Social, al que el Ministerio de Trabajo y Econom\u00eda Social destinar\u00e1 3,4 millones de euros. La Confederaci\u00f3n Empresarial Espa\u00f1ola de la Econom\u00eda Social (CEPES), es uno de los protagonistas de este Plan que consolida y articula la incorporaci\u00f3n de las Entidades representativas de la Econom\u00eda Social al sistema de Formaci\u00f3n Profesional para el empleo.<\/p>\n\n\n\n<p>Uno de los objetivos de dicho Plan es anticiparse a las necesidades formativas de las personas trabajadoras de la Econom\u00eda Social y establecer las bases de una transformaci\u00f3n global, protagonizada por la modernizaci\u00f3n, la digitalizaci\u00f3n, impulsada a su vez por los avances en la inteligencia artificial y la rob\u00f3tica. Todo ello conlleva la aparici\u00f3n de nuevos perfiles profesionales y que los existentes se adapten y supone una oportunidad de desarrollo profesional para construir un crecimiento inclusivo y sostenible.&nbsp;<\/p>\n\n\n\n<p>En este contexto y con el objetivo de divulgar las oportunidades que ofrece la Econom\u00eda Social en el futuro inmediato, CEPES est\u00e1 desarrollando una serie de Estudios financiados por la FUNDAE (Fundaci\u00f3n Estatal para la Formaci\u00f3n en el Empleo), con los que se pretende sentar las bases para caminar hacia una Transformaci\u00f3n Digital y adaptar la formaci\u00f3n a los nuevos perfiles profesionales y tambi\u00e9n analizar las oportunidades laborales de empleo y emprendimiento que supone la Econom\u00eda Social para los j\u00f3venes.&nbsp;<\/p>\n\n\n\n<p>Para dar visibilidad a estos recursos, bajo el lema \u2018Sigue los pasos de la Econom\u00eda Social, la empresa del futuro\u2019, CEPES est\u00e1 llevando a cabo una campa\u00f1a de difusi\u00f3n con distintas piezas de publicitarias, contenidos patrocinados, v\u00eddeos y una exhaustiva promoci\u00f3n en sus canales de RRSS.<\/p>\n\n\n\n<p>El presidente de CEPES, Juan Antonio Pedre\u00f1o, ha insistido en \u201cqueremos canalizar la necesidad y la urgencia de facilitar a las personas trabajadoras y a las empresas todos los instrumentos al alcance para acceder a las competencias de los nuevos sectores emergentes, a la transformaci\u00f3n digital, a los empleos del futuro y, a trav\u00e9s de los recursos que ponemos a su disposici\u00f3n, ayudarlas a que generen proyectos innovadores y competitivos y con gran impacto social\u201d.&nbsp;<\/p>\n\n\n\n<p>Prede\u00f1o a\u00f1ade: \u201ctenemos la obligaci\u00f3n de construir un futuro mejor y, en este contexto, las empresas de Econom\u00eda Social, refuerzan la transici\u00f3n hacia sociedades m\u00e1s resilientes y contribuyen a reducir las desigualdades, pero para todo esto necesitan la formaci\u00f3n\u201d.<\/p>\n\n\n\n<p>Fuente: <a href=\"https:\/\/www.cepes.es\/\" target=\"_blank\" rel=\"noreferrer noopener\">Cepes <\/a><\/p>\n","protected":false},"excerpt":{"rendered":"<p>La formaci\u00f3n ser\u00e1 uno de los pilares de la reconstrucci\u00f3n seg\u00fan el Plan de Impulso de la Formaci\u00f3n Profesional del Trabajo Aut\u00f3nomo y la Econom\u00eda Social, al que el Ministerio de Trabajo y Econom\u00eda Social destinar\u00e1 3,4 millones de euros. La Confederaci\u00f3n Empresarial Espa\u00f1ola de la Econom\u00eda Social (CEPES), es [&hellip;]<\/p>\n","protected":false},"author":4,"featured_media":381,"comment_status":"closed","ping_status":"closed","sticky":false,"template":"","format":"standard","meta":{"jetpack_post_was_ever_published":false,"_jetpack_newsletter_access":"","_jetpack_dont_email_post_to_subs":false,"_jetpack_newsletter_tier_id":0,"_jetpack_memberships_contains_paywalled_content":false,"_jetpack_memberships_contains_paid_content":false,"footnotes":""},"categories":[3],"tags":[4,32],"class_list":["post-380","post","type-post","status-publish","format-standard","has-post-thumbnail","hentry","category-noticias","tag-economia-social","tag-formacion"],"yoast_head":"<!-- This site is optimized with the Yoast SEO plugin v27.2 - https:\/\/yoast.com\/product\/yoast-seo-wordpress\/ -->\n<title>CEPES y FUNDAE unen fuerzas para promover la formaci\u00f3n como palanca necesaria para la recuperaci\u00f3n y la transformaci\u00f3n empresarial - Econom\u00eda Social sin barreras<\/title>\n<meta name=\"description\" content=\"CEPES y FUNDAE unen fuerzas para promover la formaci\u00f3n como palanca necesaria para la recuperaci\u00f3n y la transformaci\u00f3n empresarial\" \/>\n<meta name=\"robots\" content=\"index, follow, max-snippet:-1, max-image-preview:large, max-video-preview:-1\" \/>\n<link rel=\"canonical\" href=\"https:\/\/economiasocial.aupex.org\/index.php\/2020\/12\/10\/cepes-y-fundae\/\" \/>\n<meta property=\"og:locale\" content=\"es_ES\" \/>\n<meta property=\"og:type\" content=\"article\" \/>\n<meta property=\"og:title\" content=\"CEPES y FUNDAE unen fuerzas para promover la formaci\u00f3n como palanca necesaria para la recuperaci\u00f3n y la transformaci\u00f3n empresarial - Econom\u00eda Social sin barreras\" \/>\n<meta property=\"og:description\" content=\"CEPES y FUNDAE unen fuerzas para promover la formaci\u00f3n como palanca necesaria para la recuperaci\u00f3n y la transformaci\u00f3n empresarial\" \/>\n<meta property=\"og:url\" content=\"https:\/\/economiasocial.aupex.org\/index.php\/2020\/12\/10\/cepes-y-fundae\/\" \/>\n<meta property=\"og:site_name\" content=\"Econom\u00eda Social sin barreras\" \/>\n<meta property=\"article:published_time\" content=\"2020-12-10T17:56:51+00:00\" \/>\n<meta property=\"article:modified_time\" content=\"2020-12-22T12:42:53+00:00\" \/>\n<meta property=\"og:image\" content=\"https:\/\/i0.wp.com\/economiasocial.aupex.org\/wp-content\/uploads\/2020\/12\/650.jpg?fit=800%2C391&ssl=1\" \/>\n\t<meta property=\"og:image:width\" content=\"800\" \/>\n\t<meta property=\"og:image:height\" content=\"391\" \/>\n\t<meta property=\"og:image:type\" content=\"image\/jpeg\" \/>\n<meta name=\"author\" content=\"Econom\u00eda Social\" \/>\n<meta name=\"twitter:card\" content=\"summary_large_image\" \/>\n<meta name=\"twitter:label1\" content=\"Escrito por\" \/>\n\t<meta name=\"twitter:data1\" content=\"Econom\u00eda Social\" \/>\n\t<meta name=\"twitter:label2\" content=\"Tiempo de lectura\" \/>\n\t<meta name=\"twitter:data2\" content=\"2 minutos\" \/>\n<script type=\"application\/ld+json\" class=\"yoast-schema-graph\">{\"@context\":\"https:\/\/schema.org\",\"@graph\":[{\"@type\":\"Article\",\"@id\":\"https:\/\/economiasocial.aupex.org\/index.php\/2020\/12\/10\/cepes-y-fundae\/#article\",\"isPartOf\":{\"@id\":\"https:\/\/economiasocial.aupex.org\/index.php\/2020\/12\/10\/cepes-y-fundae\/\"},\"author\":{\"name\":\"Econom\u00eda Social\",\"@id\":\"https:\/\/economiasocial.aupex.org\/#\/schema\/person\/ae95cdad5353a96301e1656f23fc7977\"},\"headline\":\"CEPES y FUNDAE unen fuerzas para promover la formaci\u00f3n como palanca necesaria para la recuperaci\u00f3n y la transformaci\u00f3n empresarial\",\"datePublished\":\"2020-12-10T17:56:51+00:00\",\"dateModified\":\"2020-12-22T12:42:53+00:00\",\"mainEntityOfPage\":{\"@id\":\"https:\/\/economiasocial.aupex.org\/index.php\/2020\/12\/10\/cepes-y-fundae\/\"},\"wordCount\":466,\"publisher\":{\"@id\":\"https:\/\/economiasocial.aupex.org\/#organization\"},\"image\":{\"@id\":\"https:\/\/economiasocial.aupex.org\/index.php\/2020\/12\/10\/cepes-y-fundae\/#primaryimage\"},\"thumbnailUrl\":\"https:\/\/i0.wp.com\/economiasocial.aupex.org\/wp-content\/uploads\/2020\/12\/650.jpg?fit=800%2C391&ssl=1\",\"keywords\":[\"economia social\",\"formaci\u00f3n\"],\"articleSection\":[\"Noticias\"],\"inLanguage\":\"es\"},{\"@type\":\"WebPage\",\"@id\":\"https:\/\/economiasocial.aupex.org\/index.php\/2020\/12\/10\/cepes-y-fundae\/\",\"url\":\"https:\/\/economiasocial.aupex.org\/index.php\/2020\/12\/10\/cepes-y-fundae\/\",\"name\":\"CEPES y FUNDAE unen fuerzas para promover la formaci\u00f3n como palanca necesaria para la recuperaci\u00f3n y la transformaci\u00f3n empresarial - Econom\u00eda Social sin barreras\",\"isPartOf\":{\"@id\":\"https:\/\/economiasocial.aupex.org\/#website\"},\"primaryImageOfPage\":{\"@id\":\"https:\/\/economiasocial.aupex.org\/index.php\/2020\/12\/10\/cepes-y-fundae\/#primaryimage\"},\"image\":{\"@id\":\"https:\/\/economiasocial.aupex.org\/index.php\/2020\/12\/10\/cepes-y-fundae\/#primaryimage\"},\"thumbnailUrl\":\"https:\/\/i0.wp.com\/economiasocial.aupex.org\/wp-content\/uploads\/2020\/12\/650.jpg?fit=800%2C391&ssl=1\",\"datePublished\":\"2020-12-10T17:56:51+00:00\",\"dateModified\":\"2020-12-22T12:42:53+00:00\",\"description\":\"CEPES y FUNDAE unen fuerzas para promover la formaci\u00f3n como palanca necesaria para la recuperaci\u00f3n y la transformaci\u00f3n empresarial\",\"breadcrumb\":{\"@id\":\"https:\/\/economiasocial.aupex.org\/index.php\/2020\/12\/10\/cepes-y-fundae\/#breadcrumb\"},\"inLanguage\":\"es\",\"potentialAction\":[{\"@type\":\"ReadAction\",\"target\":[\"https:\/\/economiasocial.aupex.org\/index.php\/2020\/12\/10\/cepes-y-fundae\/\"]}]},{\"@type\":\"ImageObject\",\"inLanguage\":\"es\",\"@id\":\"https:\/\/economiasocial.aupex.org\/index.php\/2020\/12\/10\/cepes-y-fundae\/#primaryimage\",\"url\":\"https:\/\/i0.wp.com\/economiasocial.aupex.org\/wp-content\/uploads\/2020\/12\/650.jpg?fit=800%2C391&ssl=1\",\"contentUrl\":\"https:\/\/i0.wp.com\/economiasocial.aupex.org\/wp-content\/uploads\/2020\/12\/650.jpg?fit=800%2C391&ssl=1\",\"width\":800,\"height\":391},{\"@type\":\"BreadcrumbList\",\"@id\":\"https:\/\/economiasocial.aupex.org\/index.php\/2020\/12\/10\/cepes-y-fundae\/#breadcrumb\",\"itemListElement\":[{\"@type\":\"ListItem\",\"position\":1,\"name\":\"Portada\",\"item\":\"https:\/\/economiasocial.aupex.org\/\"},{\"@type\":\"ListItem\",\"position\":2,\"name\":\"CEPES y FUNDAE unen fuerzas para promover la formaci\u00f3n como palanca necesaria para la recuperaci\u00f3n y la transformaci\u00f3n empresarial\"}]},{\"@type\":\"WebSite\",\"@id\":\"https:\/\/economiasocial.aupex.org\/#website\",\"url\":\"https:\/\/economiasocial.aupex.org\/\",\"name\":\"Econom\u00eda Social sin barreras\",\"description\":\"Con las personas dependientes de Extremadura\",\"publisher\":{\"@id\":\"https:\/\/economiasocial.aupex.org\/#organization\"},\"potentialAction\":[{\"@type\":\"SearchAction\",\"target\":{\"@type\":\"EntryPoint\",\"urlTemplate\":\"https:\/\/economiasocial.aupex.org\/?s={search_term_string}\"},\"query-input\":{\"@type\":\"PropertyValueSpecification\",\"valueRequired\":true,\"valueName\":\"search_term_string\"}}],\"inLanguage\":\"es\"},{\"@type\":\"Organization\",\"@id\":\"https:\/\/economiasocial.aupex.org\/#organization\",\"name\":\"Econom\u00eda Social sin barreras\",\"url\":\"https:\/\/economiasocial.aupex.org\/\",\"logo\":{\"@type\":\"ImageObject\",\"inLanguage\":\"es\",\"@id\":\"https:\/\/economiasocial.aupex.org\/#\/schema\/logo\/image\/\",\"url\":\"https:\/\/i2.wp.com\/economiasocial.aupex.org\/wp-content\/uploads\/2020\/12\/ES_logo.png?fit=1139%2C363\",\"contentUrl\":\"https:\/\/i2.wp.com\/economiasocial.aupex.org\/wp-content\/uploads\/2020\/12\/ES_logo.png?fit=1139%2C363\",\"width\":1139,\"height\":363,\"caption\":\"Econom\u00eda Social sin barreras\"},\"image\":{\"@id\":\"https:\/\/economiasocial.aupex.org\/#\/schema\/logo\/image\/\"}},{\"@type\":\"Person\",\"@id\":\"https:\/\/economiasocial.aupex.org\/#\/schema\/person\/ae95cdad5353a96301e1656f23fc7977\",\"name\":\"Econom\u00eda Social\",\"image\":{\"@type\":\"ImageObject\",\"inLanguage\":\"es\",\"@id\":\"https:\/\/secure.gravatar.com\/avatar\/abad44c8e70f9c1fe0a0c40c578936c454468f2efa7117d1f3039f16bb5a68d9?s=96&d=mm&r=g\",\"url\":\"https:\/\/secure.gravatar.com\/avatar\/abad44c8e70f9c1fe0a0c40c578936c454468f2efa7117d1f3039f16bb5a68d9?s=96&d=mm&r=g\",\"contentUrl\":\"https:\/\/secure.gravatar.com\/avatar\/abad44c8e70f9c1fe0a0c40c578936c454468f2efa7117d1f3039f16bb5a68d9?s=96&d=mm&r=g\",\"caption\":\"Econom\u00eda Social\"},\"sameAs\":[\"http:\/\/www.aupex.org\"],\"url\":\"https:\/\/economiasocial.aupex.org\/index.php\/author\/admin\/\"}]}<\/script>\n<!-- \/ Yoast SEO plugin. -->","yoast_head_json":{"title":"CEPES y FUNDAE unen fuerzas para promover la formaci\u00f3n como palanca necesaria para la recuperaci\u00f3n y la transformaci\u00f3n empresarial - Econom\u00eda Social sin barreras","description":"CEPES y FUNDAE unen fuerzas para promover la formaci\u00f3n como palanca necesaria para la recuperaci\u00f3n y la transformaci\u00f3n empresarial","robots":{"index":"index","follow":"follow","max-snippet":"max-snippet:-1","max-image-preview":"max-image-preview:large","max-video-preview":"max-video-preview:-1"},"canonical":"https:\/\/economiasocial.aupex.org\/index.php\/2020\/12\/10\/cepes-y-fundae\/","og_locale":"es_ES","og_type":"article","og_title":"CEPES y FUNDAE unen fuerzas para promover la formaci\u00f3n como palanca necesaria para la recuperaci\u00f3n y la transformaci\u00f3n empresarial - Econom\u00eda Social sin barreras","og_description":"CEPES y FUNDAE unen fuerzas para promover la formaci\u00f3n como palanca necesaria para la recuperaci\u00f3n y la transformaci\u00f3n empresarial","og_url":"https:\/\/economiasocial.aupex.org\/index.php\/2020\/12\/10\/cepes-y-fundae\/","og_site_name":"Econom\u00eda Social sin barreras","article_published_time":"2020-12-10T17:56:51+00:00","article_modified_time":"2020-12-22T12:42:53+00:00","og_image":[{"width":800,"height":391,"url":"https:\/\/i0.wp.com\/economiasocial.aupex.org\/wp-content\/uploads\/2020\/12\/650.jpg?fit=800%2C391&ssl=1","type":"image\/jpeg"}],"author":"Econom\u00eda Social","twitter_card":"summary_large_image","twitter_misc":{"Escrito por":"Econom\u00eda Social","Tiempo de lectura":"2 minutos"},"schema":{"@context":"https:\/\/schema.org","@graph":[{"@type":"Article","@id":"https:\/\/economiasocial.aupex.org\/index.php\/2020\/12\/10\/cepes-y-fundae\/#article","isPartOf":{"@id":"https:\/\/economiasocial.aupex.org\/index.php\/2020\/12\/10\/cepes-y-fundae\/"},"author":{"name":"Econom\u00eda Social","@id":"https:\/\/economiasocial.aupex.org\/#\/schema\/person\/ae95cdad5353a96301e1656f23fc7977"},"headline":"CEPES y FUNDAE unen fuerzas para promover la formaci\u00f3n como palanca necesaria para la recuperaci\u00f3n y la transformaci\u00f3n empresarial","datePublished":"2020-12-10T17:56:51+00:00","dateModified":"2020-12-22T12:42:53+00:00","mainEntityOfPage":{"@id":"https:\/\/economiasocial.aupex.org\/index.php\/2020\/12\/10\/cepes-y-fundae\/"},"wordCount":466,"publisher":{"@id":"https:\/\/economiasocial.aupex.org\/#organization"},"image":{"@id":"https:\/\/economiasocial.aupex.org\/index.php\/2020\/12\/10\/cepes-y-fundae\/#primaryimage"},"thumbnailUrl":"https:\/\/i0.wp.com\/economiasocial.aupex.org\/wp-content\/uploads\/2020\/12\/650.jpg?fit=800%2C391&ssl=1","keywords":["economia social","formaci\u00f3n"],"articleSection":["Noticias"],"inLanguage":"es"},{"@type":"WebPage","@id":"https:\/\/economiasocial.aupex.org\/index.php\/2020\/12\/10\/cepes-y-fundae\/","url":"https:\/\/economiasocial.aupex.org\/index.php\/2020\/12\/10\/cepes-y-fundae\/","name":"CEPES y FUNDAE unen fuerzas para promover la formaci\u00f3n como palanca necesaria para la recuperaci\u00f3n y la transformaci\u00f3n empresarial - Econom\u00eda Social sin barreras","isPartOf":{"@id":"https:\/\/economiasocial.aupex.org\/#website"},"primaryImageOfPage":{"@id":"https:\/\/economiasocial.aupex.org\/index.php\/2020\/12\/10\/cepes-y-fundae\/#primaryimage"},"image":{"@id":"https:\/\/economiasocial.aupex.org\/index.php\/2020\/12\/10\/cepes-y-fundae\/#primaryimage"},"thumbnailUrl":"https:\/\/i0.wp.com\/economiasocial.aupex.org\/wp-content\/uploads\/2020\/12\/650.jpg?fit=800%2C391&ssl=1","datePublished":"2020-12-10T17:56:51+00:00","dateModified":"2020-12-22T12:42:53+00:00","description":"CEPES y FUNDAE unen fuerzas para promover la formaci\u00f3n como palanca necesaria para la recuperaci\u00f3n y la transformaci\u00f3n empresarial","breadcrumb":{"@id":"https:\/\/economiasocial.aupex.org\/index.php\/2020\/12\/10\/cepes-y-fundae\/#breadcrumb"},"inLanguage":"es","potentialAction":[{"@type":"ReadAction","target":["https:\/\/economiasocial.aupex.org\/index.php\/2020\/12\/10\/cepes-y-fundae\/"]}]},{"@type":"ImageObject","inLanguage":"es","@id":"https:\/\/economiasocial.aupex.org\/index.php\/2020\/12\/10\/cepes-y-fundae\/#primaryimage","url":"https:\/\/i0.wp.com\/economiasocial.aupex.org\/wp-content\/uploads\/2020\/12\/650.jpg?fit=800%2C391&ssl=1","contentUrl":"https:\/\/i0.wp.com\/economiasocial.aupex.org\/wp-content\/uploads\/2020\/12\/650.jpg?fit=800%2C391&ssl=1","width":800,"height":391},{"@type":"BreadcrumbList","@id":"https:\/\/economiasocial.aupex.org\/index.php\/2020\/12\/10\/cepes-y-fundae\/#breadcrumb","itemListElement":[{"@type":"ListItem","position":1,"name":"Portada","item":"https:\/\/economiasocial.aupex.org\/"},{"@type":"ListItem","position":2,"name":"CEPES y FUNDAE unen fuerzas para promover la formaci\u00f3n como palanca necesaria para la recuperaci\u00f3n y la transformaci\u00f3n empresarial"}]},{"@type":"WebSite","@id":"https:\/\/economiasocial.aupex.org\/#website","url":"https:\/\/economiasocial.aupex.org\/","name":"Econom\u00eda Social sin barreras","description":"Con las personas dependientes de Extremadura","publisher":{"@id":"https:\/\/economiasocial.aupex.org\/#organization"},"potentialAction":[{"@type":"SearchAction","target":{"@type":"EntryPoint","urlTemplate":"https:\/\/economiasocial.aupex.org\/?s={search_term_string}"},"query-input":{"@type":"PropertyValueSpecification","valueRequired":true,"valueName":"search_term_string"}}],"inLanguage":"es"},{"@type":"Organization","@id":"https:\/\/economiasocial.aupex.org\/#organization","name":"Econom\u00eda Social sin barreras","url":"https:\/\/economiasocial.aupex.org\/","logo":{"@type":"ImageObject","inLanguage":"es","@id":"https:\/\/economiasocial.aupex.org\/#\/schema\/logo\/image\/","url":"https:\/\/i2.wp.com\/economiasocial.aupex.org\/wp-content\/uploads\/2020\/12\/ES_logo.png?fit=1139%2C363","contentUrl":"https:\/\/i2.wp.com\/economiasocial.aupex.org\/wp-content\/uploads\/2020\/12\/ES_logo.png?fit=1139%2C363","width":1139,"height":363,"caption":"Econom\u00eda Social sin barreras"},"image":{"@id":"https:\/\/economiasocial.aupex.org\/#\/schema\/logo\/image\/"}},{"@type":"Person","@id":"https:\/\/economiasocial.aupex.org\/#\/schema\/person\/ae95cdad5353a96301e1656f23fc7977","name":"Econom\u00eda Social","image":{"@type":"ImageObject","inLanguage":"es","@id":"https:\/\/secure.gravatar.com\/avatar\/abad44c8e70f9c1fe0a0c40c578936c454468f2efa7117d1f3039f16bb5a68d9?s=96&d=mm&r=g","url":"https:\/\/secure.gravatar.com\/avatar\/abad44c8e70f9c1fe0a0c40c578936c454468f2efa7117d1f3039f16bb5a68d9?s=96&d=mm&r=g","contentUrl":"https:\/\/secure.gravatar.com\/avatar\/abad44c8e70f9c1fe0a0c40c578936c454468f2efa7117d1f3039f16bb5a68d9?s=96&d=mm&r=g","caption":"Econom\u00eda Social"},"sameAs":["http:\/\/www.aupex.org"],"url":"https:\/\/economiasocial.aupex.org\/index.php\/author\/admin\/"}]}},"jetpack_featured_media_url":"https:\/\/i0.wp.com\/economiasocial.aupex.org\/wp-content\/uploads\/2020\/12\/650.jpg?fit=800%2C391&ssl=1","jetpack_shortlink":"https:\/\/wp.me\/pasIM4-68","jetpack-related-posts":[],"jetpack_sharing_enabled":true,"_links":{"self":[{"href":"https:\/\/economiasocial.aupex.org\/index.php\/wp-json\/wp\/v2\/posts\/380","targetHints":{"allow":["GET"]}}],"collection":[{"href":"https:\/\/economiasocial.aupex.org\/index.php\/wp-json\/wp\/v2\/posts"}],"about":[{"href":"https:\/\/economiasocial.aupex.org\/index.php\/wp-json\/wp\/v2\/types\/post"}],"author":[{"embeddable":true,"href":"https:\/\/economiasocial.aupex.org\/index.php\/wp-json\/wp\/v2\/users\/4"}],"replies":[{"embeddable":true,"href":"https:\/\/economiasocial.aupex.org\/index.php\/wp-json\/wp\/v2\/comments?post=380"}],"version-history":[{"count":1,"href":"https:\/\/economiasocial.aupex.org\/index.php\/wp-json\/wp\/v2\/posts\/380\/revisions"}],"predecessor-version":[{"id":382,"href":"https:\/\/economiasocial.aupex.org\/index.php\/wp-json\/wp\/v2\/posts\/380\/revisions\/382"}],"wp:featuredmedia":[{"embeddable":true,"href":"https:\/\/economiasocial.aupex.org\/index.php\/wp-json\/wp\/v2\/media\/381"}],"wp:attachment":[{"href":"https:\/\/economiasocial.aupex.org\/index.php\/wp-json\/wp\/v2\/media?parent=380"}],"wp:term":[{"taxonomy":"category","embeddable":true,"href":"https:\/\/economiasocial.aupex.org\/index.php\/wp-json\/wp\/v2\/categories?post=380"},{"taxonomy":"post_tag","embeddable":true,"href":"https:\/\/economiasocial.aupex.org\/index.php\/wp-json\/wp\/v2\/tags?post=380"}],"curies":[{"name":"wp","href":"https:\/\/api.w.org\/{rel}","templated":true}]}}