{"id":383,"date":"2020-11-08T18:02:10","date_gmt":"2020-11-08T18:02:10","guid":{"rendered":"http:\/\/economiasocial.aupex.org\/?p=383"},"modified":"2020-12-22T12:43:11","modified_gmt":"2020-12-22T12:43:11","slug":"campana-de-coceta-para-que-las-empresas-mercantiles-en-crisis-se-reinventen-en-cooperativas","status":"publish","type":"post","link":"https:\/\/economiasocial.aupex.org\/index.php\/2020\/11\/08\/campana-de-coceta-para-que-las-empresas-mercantiles-en-crisis-se-reinventen-en-cooperativas\/","title":{"rendered":"Campa\u00f1a de COCETA para que las empresas mercantiles en crisis se reinventen en cooperativas"},"content":{"rendered":"\n<p><strong>ReinventaenCOOP<\/strong> es una campa\u00f1a de acci\u00f3n y comunicaci\u00f3n de COCETA con el primer objetivo de que trabajadoras y trabajadores de empresas mercantiles en crisis conozcan que existe la posibilidad de asumir en colectivo la unidad de producci\u00f3n, conservar sus empleos y recuperar la empresa bajo la f\u00f3rmula de la cooperativa de trabajo asociado. Tal y como explica la propia confederaci\u00f3n en su p\u00e1gina web, es\u00a0una campa\u00f1a dirigida en primera instancia al conjunto de trabajadores y\u00a0 trabajadoras de aquellas empresas que parecen abocadas al cierre por circunstancias de\u00a0 diversa \u00edndole y que la situaci\u00f3n generada por la COVID19 ha podido provocar o acelerar.<\/p>\n\n\n\n<p>ReinventaenCOOP, financiada por la <a href=\"http:\/\/www.mites.gob.es\/\" target=\"_blank\" rel=\"noreferrer noopener\">Direcci\u00f3n General del Trabajo Aut\u00f3nomo, de la Econom\u00eda\u00a0 Social y de la Responsabilidad Social de la Empresas de Ministerio de Trabajo y Econom\u00eda\u00a0 Social<\/a>, pretende igualmente hacer un llamamiento a esos\/as empresarios\/as, propietarios de\u00a0 las empresas en crisis, para que, antes de cerrar, ofrezcan el proyecto, la unidad productiva, a\u00a0 sus trabajadores, que son quienes mejor conocen el funcionamiento de aquella, evitando con\u00a0 ello la p\u00e9rdida de empleos.<\/p>\n\n\n\n<p>ReinventaenCOOP apela a las diferentes casu\u00edsticas que pueden llevar a la decisi\u00f3n de no\u00a0 continuidad al propietario o los propietarios de una empresa mercantil:<\/p>\n\n\n\n<ul class=\"wp-block-list\"><li>Que la empresa atraviese una situaci\u00f3n complicada, que puede haber sido provocada por la irrupci\u00f3n de la pandemia (o acelerada), y cuya \u00fanica situaci\u00f3n sea el proceso concursal de acreedores.<\/li><li>Que, ante una jubilaci\u00f3n del due\u00f1o o los due\u00f1os, no exista sucesi\u00f3n.<\/li><li>Que, simplemente, su\/-s propietario\/-s no deseen seguir arriesgando su capital por considerar que la rentabilidad ya no es suficiente.<\/li><\/ul>\n\n\n\n<p>ReinventaenCOOP enfatiza una de las l\u00edneas del trabajo confederal habitual por considerarla\u00a0 prioritaria en este 2020 y de cara a un futuro inmediato, ante la previsible multiplicaci\u00f3n de\u00a0 concursos y la demoledora destrucci\u00f3n de empleos, poniendo de relevancia que es posible, previo estudio de viabilidad y haciendo los cambios que sean necesarios, que las personas que\u00a0 trabajan en una empresa mercantil se unan y emprendan en colectivo, sum\u00e1ndose al tejido\u00a0 empresarial de la Econom\u00eda Social y, muy importante, evitando perder su puesto de trabajo.<\/p>\n\n\n\n<p>Fuente: <a href=\"https:\/\/www.andaluciaescoop.org\/\" target=\"_blank\" rel=\"noreferrer noopener\">Andaluc\u00edaEscoop<\/a><\/p>\n","protected":false},"excerpt":{"rendered":"<p>ReinventaenCOOP es una campa\u00f1a de acci\u00f3n y comunicaci\u00f3n de COCETA con el primer objetivo de que trabajadoras y trabajadores de empresas mercantiles en crisis conozcan que existe la posibilidad de asumir en colectivo la unidad de producci\u00f3n, conservar sus empleos y recuperar la empresa bajo la f\u00f3rmula de la cooperativa [&hellip;]<\/p>\n","protected":false},"author":4,"featured_media":385,"comment_status":"closed","ping_status":"closed","sticky":false,"template":"","format":"standard","meta":{"jetpack_post_was_ever_published":false,"_jetpack_newsletter_access":"","_jetpack_dont_email_post_to_subs":false,"_jetpack_newsletter_tier_id":0,"_jetpack_memberships_contains_paywalled_content":false,"_jetpack_memberships_contains_paid_content":false,"footnotes":""},"categories":[3],"tags":[31,4],"class_list":["post-383","post","type-post","status-publish","format-standard","has-post-thumbnail","hentry","category-noticias","tag-cooperativa","tag-economia-social"],"yoast_head":"<!-- This site is optimized with the Yoast SEO plugin v27.2 - https:\/\/yoast.com\/product\/yoast-seo-wordpress\/ -->\n<title>Campa\u00f1a de COCETA para que las empresas mercantiles en crisis se reinventen en cooperativas - Econom\u00eda Social sin barreras<\/title>\n<meta name=\"robots\" content=\"index, follow, max-snippet:-1, max-image-preview:large, max-video-preview:-1\" \/>\n<link rel=\"canonical\" href=\"https:\/\/economiasocial.aupex.org\/index.php\/2020\/11\/08\/campana-de-coceta-para-que-las-empresas-mercantiles-en-crisis-se-reinventen-en-cooperativas\/\" \/>\n<meta property=\"og:locale\" content=\"es_ES\" \/>\n<meta property=\"og:type\" content=\"article\" \/>\n<meta property=\"og:title\" content=\"Campa\u00f1a de COCETA para que las empresas mercantiles en crisis se reinventen en cooperativas - Econom\u00eda Social sin barreras\" \/>\n<meta property=\"og:description\" content=\"ReinventaenCOOP es una campa\u00f1a de acci\u00f3n y comunicaci\u00f3n de COCETA con el primer objetivo de que trabajadoras y trabajadores de empresas mercantiles en crisis conozcan que existe la posibilidad de asumir en colectivo la unidad de producci\u00f3n, conservar sus empleos y recuperar la empresa bajo la f\u00f3rmula de la cooperativa [&hellip;]\" \/>\n<meta property=\"og:url\" content=\"https:\/\/economiasocial.aupex.org\/index.php\/2020\/11\/08\/campana-de-coceta-para-que-las-empresas-mercantiles-en-crisis-se-reinventen-en-cooperativas\/\" \/>\n<meta property=\"og:site_name\" content=\"Econom\u00eda Social sin barreras\" \/>\n<meta property=\"article:published_time\" content=\"2020-11-08T18:02:10+00:00\" \/>\n<meta property=\"article:modified_time\" content=\"2020-12-22T12:43:11+00:00\" \/>\n<meta property=\"og:image\" content=\"https:\/\/i0.wp.com\/economiasocial.aupex.org\/wp-content\/uploads\/2020\/12\/reinventa.jpg?fit=900%2C600&ssl=1\" \/>\n\t<meta property=\"og:image:width\" content=\"900\" \/>\n\t<meta property=\"og:image:height\" content=\"600\" \/>\n\t<meta property=\"og:image:type\" content=\"image\/jpeg\" \/>\n<meta name=\"author\" content=\"Econom\u00eda Social\" \/>\n<meta name=\"twitter:card\" content=\"summary_large_image\" \/>\n<meta name=\"twitter:label1\" content=\"Escrito por\" \/>\n\t<meta name=\"twitter:data1\" content=\"Econom\u00eda Social\" \/>\n\t<meta name=\"twitter:label2\" content=\"Tiempo de lectura\" \/>\n\t<meta name=\"twitter:data2\" content=\"2 minutos\" \/>\n<script type=\"application\/ld+json\" class=\"yoast-schema-graph\">{\"@context\":\"https:\/\/schema.org\",\"@graph\":[{\"@type\":\"Article\",\"@id\":\"https:\/\/economiasocial.aupex.org\/index.php\/2020\/11\/08\/campana-de-coceta-para-que-las-empresas-mercantiles-en-crisis-se-reinventen-en-cooperativas\/#article\",\"isPartOf\":{\"@id\":\"https:\/\/economiasocial.aupex.org\/index.php\/2020\/11\/08\/campana-de-coceta-para-que-las-empresas-mercantiles-en-crisis-se-reinventen-en-cooperativas\/\"},\"author\":{\"name\":\"Econom\u00eda Social\",\"@id\":\"https:\/\/economiasocial.aupex.org\/#\/schema\/person\/ae95cdad5353a96301e1656f23fc7977\"},\"headline\":\"Campa\u00f1a de COCETA para que las empresas mercantiles en crisis se reinventen en cooperativas\",\"datePublished\":\"2020-11-08T18:02:10+00:00\",\"dateModified\":\"2020-12-22T12:43:11+00:00\",\"mainEntityOfPage\":{\"@id\":\"https:\/\/economiasocial.aupex.org\/index.php\/2020\/11\/08\/campana-de-coceta-para-que-las-empresas-mercantiles-en-crisis-se-reinventen-en-cooperativas\/\"},\"wordCount\":393,\"publisher\":{\"@id\":\"https:\/\/economiasocial.aupex.org\/#organization\"},\"image\":{\"@id\":\"https:\/\/economiasocial.aupex.org\/index.php\/2020\/11\/08\/campana-de-coceta-para-que-las-empresas-mercantiles-en-crisis-se-reinventen-en-cooperativas\/#primaryimage\"},\"thumbnailUrl\":\"https:\/\/i0.wp.com\/economiasocial.aupex.org\/wp-content\/uploads\/2020\/12\/reinventa.jpg?fit=900%2C600&ssl=1\",\"keywords\":[\"Cooperativa\",\"economia social\"],\"articleSection\":[\"Noticias\"],\"inLanguage\":\"es\"},{\"@type\":\"WebPage\",\"@id\":\"https:\/\/economiasocial.aupex.org\/index.php\/2020\/11\/08\/campana-de-coceta-para-que-las-empresas-mercantiles-en-crisis-se-reinventen-en-cooperativas\/\",\"url\":\"https:\/\/economiasocial.aupex.org\/index.php\/2020\/11\/08\/campana-de-coceta-para-que-las-empresas-mercantiles-en-crisis-se-reinventen-en-cooperativas\/\",\"name\":\"Campa\u00f1a de COCETA para que las empresas mercantiles en crisis se reinventen en cooperativas - Econom\u00eda Social sin barreras\",\"isPartOf\":{\"@id\":\"https:\/\/economiasocial.aupex.org\/#website\"},\"primaryImageOfPage\":{\"@id\":\"https:\/\/economiasocial.aupex.org\/index.php\/2020\/11\/08\/campana-de-coceta-para-que-las-empresas-mercantiles-en-crisis-se-reinventen-en-cooperativas\/#primaryimage\"},\"image\":{\"@id\":\"https:\/\/economiasocial.aupex.org\/index.php\/2020\/11\/08\/campana-de-coceta-para-que-las-empresas-mercantiles-en-crisis-se-reinventen-en-cooperativas\/#primaryimage\"},\"thumbnailUrl\":\"https:\/\/i0.wp.com\/economiasocial.aupex.org\/wp-content\/uploads\/2020\/12\/reinventa.jpg?fit=900%2C600&ssl=1\",\"datePublished\":\"2020-11-08T18:02:10+00:00\",\"dateModified\":\"2020-12-22T12:43:11+00:00\",\"breadcrumb\":{\"@id\":\"https:\/\/economiasocial.aupex.org\/index.php\/2020\/11\/08\/campana-de-coceta-para-que-las-empresas-mercantiles-en-crisis-se-reinventen-en-cooperativas\/#breadcrumb\"},\"inLanguage\":\"es\",\"potentialAction\":[{\"@type\":\"ReadAction\",\"target\":[\"https:\/\/economiasocial.aupex.org\/index.php\/2020\/11\/08\/campana-de-coceta-para-que-las-empresas-mercantiles-en-crisis-se-reinventen-en-cooperativas\/\"]}]},{\"@type\":\"ImageObject\",\"inLanguage\":\"es\",\"@id\":\"https:\/\/economiasocial.aupex.org\/index.php\/2020\/11\/08\/campana-de-coceta-para-que-las-empresas-mercantiles-en-crisis-se-reinventen-en-cooperativas\/#primaryimage\",\"url\":\"https:\/\/i0.wp.com\/economiasocial.aupex.org\/wp-content\/uploads\/2020\/12\/reinventa.jpg?fit=900%2C600&ssl=1\",\"contentUrl\":\"https:\/\/i0.wp.com\/economiasocial.aupex.org\/wp-content\/uploads\/2020\/12\/reinventa.jpg?fit=900%2C600&ssl=1\",\"width\":900,\"height\":600},{\"@type\":\"BreadcrumbList\",\"@id\":\"https:\/\/economiasocial.aupex.org\/index.php\/2020\/11\/08\/campana-de-coceta-para-que-las-empresas-mercantiles-en-crisis-se-reinventen-en-cooperativas\/#breadcrumb\",\"itemListElement\":[{\"@type\":\"ListItem\",\"position\":1,\"name\":\"Portada\",\"item\":\"https:\/\/economiasocial.aupex.org\/\"},{\"@type\":\"ListItem\",\"position\":2,\"name\":\"Campa\u00f1a de COCETA para que las empresas mercantiles en crisis se reinventen en cooperativas\"}]},{\"@type\":\"WebSite\",\"@id\":\"https:\/\/economiasocial.aupex.org\/#website\",\"url\":\"https:\/\/economiasocial.aupex.org\/\",\"name\":\"Econom\u00eda Social sin barreras\",\"description\":\"Con las personas dependientes de Extremadura\",\"publisher\":{\"@id\":\"https:\/\/economiasocial.aupex.org\/#organization\"},\"potentialAction\":[{\"@type\":\"SearchAction\",\"target\":{\"@type\":\"EntryPoint\",\"urlTemplate\":\"https:\/\/economiasocial.aupex.org\/?s={search_term_string}\"},\"query-input\":{\"@type\":\"PropertyValueSpecification\",\"valueRequired\":true,\"valueName\":\"search_term_string\"}}],\"inLanguage\":\"es\"},{\"@type\":\"Organization\",\"@id\":\"https:\/\/economiasocial.aupex.org\/#organization\",\"name\":\"Econom\u00eda Social sin barreras\",\"url\":\"https:\/\/economiasocial.aupex.org\/\",\"logo\":{\"@type\":\"ImageObject\",\"inLanguage\":\"es\",\"@id\":\"https:\/\/economiasocial.aupex.org\/#\/schema\/logo\/image\/\",\"url\":\"https:\/\/i2.wp.com\/economiasocial.aupex.org\/wp-content\/uploads\/2020\/12\/ES_logo.png?fit=1139%2C363\",\"contentUrl\":\"https:\/\/i2.wp.com\/economiasocial.aupex.org\/wp-content\/uploads\/2020\/12\/ES_logo.png?fit=1139%2C363\",\"width\":1139,\"height\":363,\"caption\":\"Econom\u00eda Social sin barreras\"},\"image\":{\"@id\":\"https:\/\/economiasocial.aupex.org\/#\/schema\/logo\/image\/\"}},{\"@type\":\"Person\",\"@id\":\"https:\/\/economiasocial.aupex.org\/#\/schema\/person\/ae95cdad5353a96301e1656f23fc7977\",\"name\":\"Econom\u00eda Social\",\"image\":{\"@type\":\"ImageObject\",\"inLanguage\":\"es\",\"@id\":\"https:\/\/secure.gravatar.com\/avatar\/abad44c8e70f9c1fe0a0c40c578936c454468f2efa7117d1f3039f16bb5a68d9?s=96&d=mm&r=g\",\"url\":\"https:\/\/secure.gravatar.com\/avatar\/abad44c8e70f9c1fe0a0c40c578936c454468f2efa7117d1f3039f16bb5a68d9?s=96&d=mm&r=g\",\"contentUrl\":\"https:\/\/secure.gravatar.com\/avatar\/abad44c8e70f9c1fe0a0c40c578936c454468f2efa7117d1f3039f16bb5a68d9?s=96&d=mm&r=g\",\"caption\":\"Econom\u00eda Social\"},\"sameAs\":[\"http:\/\/www.aupex.org\"],\"url\":\"https:\/\/economiasocial.aupex.org\/index.php\/author\/admin\/\"}]}<\/script>\n<!-- \/ Yoast SEO plugin. -->","yoast_head_json":{"title":"Campa\u00f1a de COCETA para que las empresas mercantiles en crisis se reinventen en cooperativas - Econom\u00eda Social sin barreras","robots":{"index":"index","follow":"follow","max-snippet":"max-snippet:-1","max-image-preview":"max-image-preview:large","max-video-preview":"max-video-preview:-1"},"canonical":"https:\/\/economiasocial.aupex.org\/index.php\/2020\/11\/08\/campana-de-coceta-para-que-las-empresas-mercantiles-en-crisis-se-reinventen-en-cooperativas\/","og_locale":"es_ES","og_type":"article","og_title":"Campa\u00f1a de COCETA para que las empresas mercantiles en crisis se reinventen en cooperativas - Econom\u00eda Social sin barreras","og_description":"ReinventaenCOOP es una campa\u00f1a de acci\u00f3n y comunicaci\u00f3n de COCETA con el primer objetivo de que trabajadoras y trabajadores de empresas mercantiles en crisis conozcan que existe la posibilidad de asumir en colectivo la unidad de producci\u00f3n, conservar sus empleos y recuperar la empresa bajo la f\u00f3rmula de la cooperativa [&hellip;]","og_url":"https:\/\/economiasocial.aupex.org\/index.php\/2020\/11\/08\/campana-de-coceta-para-que-las-empresas-mercantiles-en-crisis-se-reinventen-en-cooperativas\/","og_site_name":"Econom\u00eda Social sin barreras","article_published_time":"2020-11-08T18:02:10+00:00","article_modified_time":"2020-12-22T12:43:11+00:00","og_image":[{"width":900,"height":600,"url":"https:\/\/i0.wp.com\/economiasocial.aupex.org\/wp-content\/uploads\/2020\/12\/reinventa.jpg?fit=900%2C600&ssl=1","type":"image\/jpeg"}],"author":"Econom\u00eda Social","twitter_card":"summary_large_image","twitter_misc":{"Escrito por":"Econom\u00eda Social","Tiempo de lectura":"2 minutos"},"schema":{"@context":"https:\/\/schema.org","@graph":[{"@type":"Article","@id":"https:\/\/economiasocial.aupex.org\/index.php\/2020\/11\/08\/campana-de-coceta-para-que-las-empresas-mercantiles-en-crisis-se-reinventen-en-cooperativas\/#article","isPartOf":{"@id":"https:\/\/economiasocial.aupex.org\/index.php\/2020\/11\/08\/campana-de-coceta-para-que-las-empresas-mercantiles-en-crisis-se-reinventen-en-cooperativas\/"},"author":{"name":"Econom\u00eda Social","@id":"https:\/\/economiasocial.aupex.org\/#\/schema\/person\/ae95cdad5353a96301e1656f23fc7977"},"headline":"Campa\u00f1a de COCETA para que las empresas mercantiles en crisis se reinventen en cooperativas","datePublished":"2020-11-08T18:02:10+00:00","dateModified":"2020-12-22T12:43:11+00:00","mainEntityOfPage":{"@id":"https:\/\/economiasocial.aupex.org\/index.php\/2020\/11\/08\/campana-de-coceta-para-que-las-empresas-mercantiles-en-crisis-se-reinventen-en-cooperativas\/"},"wordCount":393,"publisher":{"@id":"https:\/\/economiasocial.aupex.org\/#organization"},"image":{"@id":"https:\/\/economiasocial.aupex.org\/index.php\/2020\/11\/08\/campana-de-coceta-para-que-las-empresas-mercantiles-en-crisis-se-reinventen-en-cooperativas\/#primaryimage"},"thumbnailUrl":"https:\/\/i0.wp.com\/economiasocial.aupex.org\/wp-content\/uploads\/2020\/12\/reinventa.jpg?fit=900%2C600&ssl=1","keywords":["Cooperativa","economia social"],"articleSection":["Noticias"],"inLanguage":"es"},{"@type":"WebPage","@id":"https:\/\/economiasocial.aupex.org\/index.php\/2020\/11\/08\/campana-de-coceta-para-que-las-empresas-mercantiles-en-crisis-se-reinventen-en-cooperativas\/","url":"https:\/\/economiasocial.aupex.org\/index.php\/2020\/11\/08\/campana-de-coceta-para-que-las-empresas-mercantiles-en-crisis-se-reinventen-en-cooperativas\/","name":"Campa\u00f1a de COCETA para que las empresas mercantiles en crisis se reinventen en cooperativas - Econom\u00eda Social sin barreras","isPartOf":{"@id":"https:\/\/economiasocial.aupex.org\/#website"},"primaryImageOfPage":{"@id":"https:\/\/economiasocial.aupex.org\/index.php\/2020\/11\/08\/campana-de-coceta-para-que-las-empresas-mercantiles-en-crisis-se-reinventen-en-cooperativas\/#primaryimage"},"image":{"@id":"https:\/\/economiasocial.aupex.org\/index.php\/2020\/11\/08\/campana-de-coceta-para-que-las-empresas-mercantiles-en-crisis-se-reinventen-en-cooperativas\/#primaryimage"},"thumbnailUrl":"https:\/\/i0.wp.com\/economiasocial.aupex.org\/wp-content\/uploads\/2020\/12\/reinventa.jpg?fit=900%2C600&ssl=1","datePublished":"2020-11-08T18:02:10+00:00","dateModified":"2020-12-22T12:43:11+00:00","breadcrumb":{"@id":"https:\/\/economiasocial.aupex.org\/index.php\/2020\/11\/08\/campana-de-coceta-para-que-las-empresas-mercantiles-en-crisis-se-reinventen-en-cooperativas\/#breadcrumb"},"inLanguage":"es","potentialAction":[{"@type":"ReadAction","target":["https:\/\/economiasocial.aupex.org\/index.php\/2020\/11\/08\/campana-de-coceta-para-que-las-empresas-mercantiles-en-crisis-se-reinventen-en-cooperativas\/"]}]},{"@type":"ImageObject","inLanguage":"es","@id":"https:\/\/economiasocial.aupex.org\/index.php\/2020\/11\/08\/campana-de-coceta-para-que-las-empresas-mercantiles-en-crisis-se-reinventen-en-cooperativas\/#primaryimage","url":"https:\/\/i0.wp.com\/economiasocial.aupex.org\/wp-content\/uploads\/2020\/12\/reinventa.jpg?fit=900%2C600&ssl=1","contentUrl":"https:\/\/i0.wp.com\/economiasocial.aupex.org\/wp-content\/uploads\/2020\/12\/reinventa.jpg?fit=900%2C600&ssl=1","width":900,"height":600},{"@type":"BreadcrumbList","@id":"https:\/\/economiasocial.aupex.org\/index.php\/2020\/11\/08\/campana-de-coceta-para-que-las-empresas-mercantiles-en-crisis-se-reinventen-en-cooperativas\/#breadcrumb","itemListElement":[{"@type":"ListItem","position":1,"name":"Portada","item":"https:\/\/economiasocial.aupex.org\/"},{"@type":"ListItem","position":2,"name":"Campa\u00f1a de COCETA para que las empresas mercantiles en crisis se reinventen en cooperativas"}]},{"@type":"WebSite","@id":"https:\/\/economiasocial.aupex.org\/#website","url":"https:\/\/economiasocial.aupex.org\/","name":"Econom\u00eda Social sin barreras","description":"Con las personas dependientes de Extremadura","publisher":{"@id":"https:\/\/economiasocial.aupex.org\/#organization"},"potentialAction":[{"@type":"SearchAction","target":{"@type":"EntryPoint","urlTemplate":"https:\/\/economiasocial.aupex.org\/?s={search_term_string}"},"query-input":{"@type":"PropertyValueSpecification","valueRequired":true,"valueName":"search_term_string"}}],"inLanguage":"es"},{"@type":"Organization","@id":"https:\/\/economiasocial.aupex.org\/#organization","name":"Econom\u00eda Social sin barreras","url":"https:\/\/economiasocial.aupex.org\/","logo":{"@type":"ImageObject","inLanguage":"es","@id":"https:\/\/economiasocial.aupex.org\/#\/schema\/logo\/image\/","url":"https:\/\/i2.wp.com\/economiasocial.aupex.org\/wp-content\/uploads\/2020\/12\/ES_logo.png?fit=1139%2C363","contentUrl":"https:\/\/i2.wp.com\/economiasocial.aupex.org\/wp-content\/uploads\/2020\/12\/ES_logo.png?fit=1139%2C363","width":1139,"height":363,"caption":"Econom\u00eda Social sin barreras"},"image":{"@id":"https:\/\/economiasocial.aupex.org\/#\/schema\/logo\/image\/"}},{"@type":"Person","@id":"https:\/\/economiasocial.aupex.org\/#\/schema\/person\/ae95cdad5353a96301e1656f23fc7977","name":"Econom\u00eda Social","image":{"@type":"ImageObject","inLanguage":"es","@id":"https:\/\/secure.gravatar.com\/avatar\/abad44c8e70f9c1fe0a0c40c578936c454468f2efa7117d1f3039f16bb5a68d9?s=96&d=mm&r=g","url":"https:\/\/secure.gravatar.com\/avatar\/abad44c8e70f9c1fe0a0c40c578936c454468f2efa7117d1f3039f16bb5a68d9?s=96&d=mm&r=g","contentUrl":"https:\/\/secure.gravatar.com\/avatar\/abad44c8e70f9c1fe0a0c40c578936c454468f2efa7117d1f3039f16bb5a68d9?s=96&d=mm&r=g","caption":"Econom\u00eda Social"},"sameAs":["http:\/\/www.aupex.org"],"url":"https:\/\/economiasocial.aupex.org\/index.php\/author\/admin\/"}]}},"jetpack_featured_media_url":"https:\/\/i0.wp.com\/economiasocial.aupex.org\/wp-content\/uploads\/2020\/12\/reinventa.jpg?fit=900%2C600&ssl=1","jetpack_shortlink":"https:\/\/wp.me\/pasIM4-6b","jetpack-related-posts":[],"jetpack_sharing_enabled":true,"_links":{"self":[{"href":"https:\/\/economiasocial.aupex.org\/index.php\/wp-json\/wp\/v2\/posts\/383","targetHints":{"allow":["GET"]}}],"collection":[{"href":"https:\/\/economiasocial.aupex.org\/index.php\/wp-json\/wp\/v2\/posts"}],"about":[{"href":"https:\/\/economiasocial.aupex.org\/index.php\/wp-json\/wp\/v2\/types\/post"}],"author":[{"embeddable":true,"href":"https:\/\/economiasocial.aupex.org\/index.php\/wp-json\/wp\/v2\/users\/4"}],"replies":[{"embeddable":true,"href":"https:\/\/economiasocial.aupex.org\/index.php\/wp-json\/wp\/v2\/comments?post=383"}],"version-history":[{"count":1,"href":"https:\/\/economiasocial.aupex.org\/index.php\/wp-json\/wp\/v2\/posts\/383\/revisions"}],"predecessor-version":[{"id":384,"href":"https:\/\/economiasocial.aupex.org\/index.php\/wp-json\/wp\/v2\/posts\/383\/revisions\/384"}],"wp:featuredmedia":[{"embeddable":true,"href":"https:\/\/economiasocial.aupex.org\/index.php\/wp-json\/wp\/v2\/media\/385"}],"wp:attachment":[{"href":"https:\/\/economiasocial.aupex.org\/index.php\/wp-json\/wp\/v2\/media?parent=383"}],"wp:term":[{"taxonomy":"category","embeddable":true,"href":"https:\/\/economiasocial.aupex.org\/index.php\/wp-json\/wp\/v2\/categories?post=383"},{"taxonomy":"post_tag","embeddable":true,"href":"https:\/\/economiasocial.aupex.org\/index.php\/wp-json\/wp\/v2\/tags?post=383"}],"curies":[{"name":"wp","href":"https:\/\/api.w.org\/{rel}","templated":true}]}}