{"id":399,"date":"2020-12-21T09:59:35","date_gmt":"2020-12-21T09:59:35","guid":{"rendered":"http:\/\/economiasocial.aupex.org\/?p=399"},"modified":"2020-12-21T12:04:58","modified_gmt":"2020-12-21T12:04:58","slug":"plan-intergeneracional-de-extremadura-2020-2025","status":"publish","type":"post","link":"https:\/\/economiasocial.aupex.org\/index.php\/2020\/12\/21\/plan-intergeneracional-de-extremadura-2020-2025\/","title":{"rendered":"Plan Intergeneracional de Extremadura 2020-2025"},"content":{"rendered":"\n<p>Los Programas Intergeneracionales est\u00e1n orientados a la creaci\u00f3n de espacios de encuentro y la realizaci\u00f3n de actividades conjuntas entre personas de distintas generaciones, especialmente entre la infancia, la adolesencia y la juventud y las personas mayores.<\/p>\n\n\n\n<p>La Junta de Extremadura est\u00e1 comprometida a fomentar la solidaridad intergeneracional, promoviendo el desarrollo y realizaci\u00f3n de<br>estos programas. Toma as\u00ed conciencia de la responsabilidad que tienen las instituciones p\u00fablicas para fortalcer los v\u00ednculos entre la generaciones y alcanzar el reto de construir una sociedad para todas las edades.<\/p>\n\n\n\n<p>Los Programas Intergeneracionales son un conjunto de actividades planificadas, con objetivos concretos y continuidad en el tiempo.<br>Son planes coordinados y dise\u00f1ados por centros educativos, centros de mayores y otros organismos y asociaciones -p\u00fablicos y privados- que quieran trabajar conjuntamente para el beneficio mutuo de los adultos mayores, de la infancia y de la juventud.<\/p>\n\n\n<iframe src='https:\/\/www.slideshare.net\/slideshow\/embed_code\/240376293' width='750' height='615' sandbox=\"allow-popups allow-scripts allow-same-origin allow-presentation\" allowfullscreen webkitallowfullscreen mozallowfullscreen><\/iframe>\n\n\n\n<p><a href=\"http:\/\/economiasocial.aupex.org\/wp-content\/uploads\/2020\/12\/PIEX-completo.pdf\" target=\"_blank\" rel=\"noreferrer noopener\">Descarga el Plan Intergeneracional de Extremadura 2020-2025 aqu\u00ed <\/a><\/p>\n","protected":false},"excerpt":{"rendered":"<p>Los Programas Intergeneracionales est\u00e1n orientados a la creaci\u00f3n de espacios de encuentro y la realizaci\u00f3n de actividades conjuntas entre personas de distintas generaciones, especialmente entre la infancia, la adolesencia y la juventud y las personas mayores. La Junta de Extremadura est\u00e1 comprometida a fomentar la solidaridad intergeneracional, promoviendo el desarrollo [&hellip;]<\/p>\n","protected":false},"author":4,"featured_media":406,"comment_status":"closed","ping_status":"closed","sticky":false,"template":"","format":"standard","meta":{"jetpack_post_was_ever_published":false,"_jetpack_newsletter_access":"","_jetpack_dont_email_post_to_subs":false,"_jetpack_newsletter_tier_id":0,"_jetpack_memberships_contains_paywalled_content":false,"_jetpack_memberships_contains_paid_content":false,"footnotes":""},"categories":[3],"tags":[4,26,34],"class_list":["post-399","post","type-post","status-publish","format-standard","has-post-thumbnail","hentry","category-noticias","tag-economia-social","tag-extremadura","tag-plan-intergeneracional-de-extremadura-2020-2025"],"yoast_head":"<!-- This site is optimized with the Yoast SEO plugin v27.2 - https:\/\/yoast.com\/product\/yoast-seo-wordpress\/ -->\n<title>Plan Intergeneracional de Extremadura 2020-2025 - Econom\u00eda Social sin barreras<\/title>\n<meta name=\"description\" content=\"Plan Intergeneracional de Extremadura 2020-2025\" \/>\n<meta name=\"robots\" content=\"index, follow, max-snippet:-1, max-image-preview:large, max-video-preview:-1\" \/>\n<link rel=\"canonical\" href=\"https:\/\/economiasocial.aupex.org\/index.php\/2020\/12\/21\/plan-intergeneracional-de-extremadura-2020-2025\/\" \/>\n<meta property=\"og:locale\" content=\"es_ES\" \/>\n<meta property=\"og:type\" content=\"article\" \/>\n<meta property=\"og:title\" content=\"Plan Intergeneracional de Extremadura 2020-2025 - Econom\u00eda Social sin barreras\" \/>\n<meta property=\"og:description\" content=\"Plan Intergeneracional de Extremadura 2020-2025\" \/>\n<meta property=\"og:url\" content=\"https:\/\/economiasocial.aupex.org\/index.php\/2020\/12\/21\/plan-intergeneracional-de-extremadura-2020-2025\/\" \/>\n<meta property=\"og:site_name\" content=\"Econom\u00eda Social sin barreras\" \/>\n<meta property=\"article:published_time\" content=\"2020-12-21T09:59:35+00:00\" \/>\n<meta property=\"article:modified_time\" content=\"2020-12-21T12:04:58+00:00\" \/>\n<meta property=\"og:image\" content=\"https:\/\/i0.wp.com\/economiasocial.aupex.org\/wp-content\/uploads\/2020\/12\/Plan-Intergeneracional-de-Extremadura-2020-2025.png?fit=702%2C496&ssl=1\" \/>\n\t<meta property=\"og:image:width\" content=\"702\" \/>\n\t<meta property=\"og:image:height\" content=\"496\" \/>\n\t<meta property=\"og:image:type\" content=\"image\/png\" \/>\n<meta name=\"author\" content=\"Econom\u00eda Social\" \/>\n<meta name=\"twitter:card\" content=\"summary_large_image\" \/>\n<meta name=\"twitter:label1\" content=\"Escrito por\" \/>\n\t<meta name=\"twitter:data1\" content=\"Econom\u00eda Social\" \/>\n\t<meta name=\"twitter:label2\" content=\"Tiempo de lectura\" \/>\n\t<meta name=\"twitter:data2\" content=\"1 minuto\" \/>\n<script type=\"application\/ld+json\" class=\"yoast-schema-graph\">{\"@context\":\"https:\/\/schema.org\",\"@graph\":[{\"@type\":\"Article\",\"@id\":\"https:\/\/economiasocial.aupex.org\/index.php\/2020\/12\/21\/plan-intergeneracional-de-extremadura-2020-2025\/#article\",\"isPartOf\":{\"@id\":\"https:\/\/economiasocial.aupex.org\/index.php\/2020\/12\/21\/plan-intergeneracional-de-extremadura-2020-2025\/\"},\"author\":{\"name\":\"Econom\u00eda Social\",\"@id\":\"https:\/\/economiasocial.aupex.org\/#\/schema\/person\/ae95cdad5353a96301e1656f23fc7977\"},\"headline\":\"Plan Intergeneracional de Extremadura 2020-2025\",\"datePublished\":\"2020-12-21T09:59:35+00:00\",\"dateModified\":\"2020-12-21T12:04:58+00:00\",\"mainEntityOfPage\":{\"@id\":\"https:\/\/economiasocial.aupex.org\/index.php\/2020\/12\/21\/plan-intergeneracional-de-extremadura-2020-2025\/\"},\"wordCount\":164,\"publisher\":{\"@id\":\"https:\/\/economiasocial.aupex.org\/#organization\"},\"image\":{\"@id\":\"https:\/\/economiasocial.aupex.org\/index.php\/2020\/12\/21\/plan-intergeneracional-de-extremadura-2020-2025\/#primaryimage\"},\"thumbnailUrl\":\"https:\/\/i0.wp.com\/economiasocial.aupex.org\/wp-content\/uploads\/2020\/12\/Plan-Intergeneracional-de-Extremadura-2020-2025.png?fit=702%2C496&ssl=1\",\"keywords\":[\"economia social\",\"Extremadura\",\"Plan Intergeneracional de Extremadura 2020-2025\"],\"articleSection\":[\"Noticias\"],\"inLanguage\":\"es\"},{\"@type\":\"WebPage\",\"@id\":\"https:\/\/economiasocial.aupex.org\/index.php\/2020\/12\/21\/plan-intergeneracional-de-extremadura-2020-2025\/\",\"url\":\"https:\/\/economiasocial.aupex.org\/index.php\/2020\/12\/21\/plan-intergeneracional-de-extremadura-2020-2025\/\",\"name\":\"Plan Intergeneracional de Extremadura 2020-2025 - Econom\u00eda Social sin barreras\",\"isPartOf\":{\"@id\":\"https:\/\/economiasocial.aupex.org\/#website\"},\"primaryImageOfPage\":{\"@id\":\"https:\/\/economiasocial.aupex.org\/index.php\/2020\/12\/21\/plan-intergeneracional-de-extremadura-2020-2025\/#primaryimage\"},\"image\":{\"@id\":\"https:\/\/economiasocial.aupex.org\/index.php\/2020\/12\/21\/plan-intergeneracional-de-extremadura-2020-2025\/#primaryimage\"},\"thumbnailUrl\":\"https:\/\/i0.wp.com\/economiasocial.aupex.org\/wp-content\/uploads\/2020\/12\/Plan-Intergeneracional-de-Extremadura-2020-2025.png?fit=702%2C496&ssl=1\",\"datePublished\":\"2020-12-21T09:59:35+00:00\",\"dateModified\":\"2020-12-21T12:04:58+00:00\",\"description\":\"Plan Intergeneracional de Extremadura 2020-2025\",\"breadcrumb\":{\"@id\":\"https:\/\/economiasocial.aupex.org\/index.php\/2020\/12\/21\/plan-intergeneracional-de-extremadura-2020-2025\/#breadcrumb\"},\"inLanguage\":\"es\",\"potentialAction\":[{\"@type\":\"ReadAction\",\"target\":[\"https:\/\/economiasocial.aupex.org\/index.php\/2020\/12\/21\/plan-intergeneracional-de-extremadura-2020-2025\/\"]}]},{\"@type\":\"ImageObject\",\"inLanguage\":\"es\",\"@id\":\"https:\/\/economiasocial.aupex.org\/index.php\/2020\/12\/21\/plan-intergeneracional-de-extremadura-2020-2025\/#primaryimage\",\"url\":\"https:\/\/i0.wp.com\/economiasocial.aupex.org\/wp-content\/uploads\/2020\/12\/Plan-Intergeneracional-de-Extremadura-2020-2025.png?fit=702%2C496&ssl=1\",\"contentUrl\":\"https:\/\/i0.wp.com\/economiasocial.aupex.org\/wp-content\/uploads\/2020\/12\/Plan-Intergeneracional-de-Extremadura-2020-2025.png?fit=702%2C496&ssl=1\",\"width\":702,\"height\":496},{\"@type\":\"BreadcrumbList\",\"@id\":\"https:\/\/economiasocial.aupex.org\/index.php\/2020\/12\/21\/plan-intergeneracional-de-extremadura-2020-2025\/#breadcrumb\",\"itemListElement\":[{\"@type\":\"ListItem\",\"position\":1,\"name\":\"Portada\",\"item\":\"https:\/\/economiasocial.aupex.org\/\"},{\"@type\":\"ListItem\",\"position\":2,\"name\":\"Plan Intergeneracional de Extremadura 2020-2025\"}]},{\"@type\":\"WebSite\",\"@id\":\"https:\/\/economiasocial.aupex.org\/#website\",\"url\":\"https:\/\/economiasocial.aupex.org\/\",\"name\":\"Econom\u00eda Social sin barreras\",\"description\":\"Con las personas dependientes de Extremadura\",\"publisher\":{\"@id\":\"https:\/\/economiasocial.aupex.org\/#organization\"},\"potentialAction\":[{\"@type\":\"SearchAction\",\"target\":{\"@type\":\"EntryPoint\",\"urlTemplate\":\"https:\/\/economiasocial.aupex.org\/?s={search_term_string}\"},\"query-input\":{\"@type\":\"PropertyValueSpecification\",\"valueRequired\":true,\"valueName\":\"search_term_string\"}}],\"inLanguage\":\"es\"},{\"@type\":\"Organization\",\"@id\":\"https:\/\/economiasocial.aupex.org\/#organization\",\"name\":\"Econom\u00eda Social sin barreras\",\"url\":\"https:\/\/economiasocial.aupex.org\/\",\"logo\":{\"@type\":\"ImageObject\",\"inLanguage\":\"es\",\"@id\":\"https:\/\/economiasocial.aupex.org\/#\/schema\/logo\/image\/\",\"url\":\"https:\/\/i2.wp.com\/economiasocial.aupex.org\/wp-content\/uploads\/2020\/12\/ES_logo.png?fit=1139%2C363\",\"contentUrl\":\"https:\/\/i2.wp.com\/economiasocial.aupex.org\/wp-content\/uploads\/2020\/12\/ES_logo.png?fit=1139%2C363\",\"width\":1139,\"height\":363,\"caption\":\"Econom\u00eda Social sin barreras\"},\"image\":{\"@id\":\"https:\/\/economiasocial.aupex.org\/#\/schema\/logo\/image\/\"}},{\"@type\":\"Person\",\"@id\":\"https:\/\/economiasocial.aupex.org\/#\/schema\/person\/ae95cdad5353a96301e1656f23fc7977\",\"name\":\"Econom\u00eda Social\",\"image\":{\"@type\":\"ImageObject\",\"inLanguage\":\"es\",\"@id\":\"https:\/\/secure.gravatar.com\/avatar\/abad44c8e70f9c1fe0a0c40c578936c454468f2efa7117d1f3039f16bb5a68d9?s=96&d=mm&r=g\",\"url\":\"https:\/\/secure.gravatar.com\/avatar\/abad44c8e70f9c1fe0a0c40c578936c454468f2efa7117d1f3039f16bb5a68d9?s=96&d=mm&r=g\",\"contentUrl\":\"https:\/\/secure.gravatar.com\/avatar\/abad44c8e70f9c1fe0a0c40c578936c454468f2efa7117d1f3039f16bb5a68d9?s=96&d=mm&r=g\",\"caption\":\"Econom\u00eda Social\"},\"sameAs\":[\"http:\/\/www.aupex.org\"],\"url\":\"https:\/\/economiasocial.aupex.org\/index.php\/author\/admin\/\"}]}<\/script>\n<!-- \/ Yoast SEO plugin. -->","yoast_head_json":{"title":"Plan Intergeneracional de Extremadura 2020-2025 - Econom\u00eda Social sin barreras","description":"Plan Intergeneracional de Extremadura 2020-2025","robots":{"index":"index","follow":"follow","max-snippet":"max-snippet:-1","max-image-preview":"max-image-preview:large","max-video-preview":"max-video-preview:-1"},"canonical":"https:\/\/economiasocial.aupex.org\/index.php\/2020\/12\/21\/plan-intergeneracional-de-extremadura-2020-2025\/","og_locale":"es_ES","og_type":"article","og_title":"Plan Intergeneracional de Extremadura 2020-2025 - Econom\u00eda Social sin barreras","og_description":"Plan Intergeneracional de Extremadura 2020-2025","og_url":"https:\/\/economiasocial.aupex.org\/index.php\/2020\/12\/21\/plan-intergeneracional-de-extremadura-2020-2025\/","og_site_name":"Econom\u00eda Social sin barreras","article_published_time":"2020-12-21T09:59:35+00:00","article_modified_time":"2020-12-21T12:04:58+00:00","og_image":[{"width":702,"height":496,"url":"https:\/\/i0.wp.com\/economiasocial.aupex.org\/wp-content\/uploads\/2020\/12\/Plan-Intergeneracional-de-Extremadura-2020-2025.png?fit=702%2C496&ssl=1","type":"image\/png"}],"author":"Econom\u00eda Social","twitter_card":"summary_large_image","twitter_misc":{"Escrito por":"Econom\u00eda Social","Tiempo de lectura":"1 minuto"},"schema":{"@context":"https:\/\/schema.org","@graph":[{"@type":"Article","@id":"https:\/\/economiasocial.aupex.org\/index.php\/2020\/12\/21\/plan-intergeneracional-de-extremadura-2020-2025\/#article","isPartOf":{"@id":"https:\/\/economiasocial.aupex.org\/index.php\/2020\/12\/21\/plan-intergeneracional-de-extremadura-2020-2025\/"},"author":{"name":"Econom\u00eda Social","@id":"https:\/\/economiasocial.aupex.org\/#\/schema\/person\/ae95cdad5353a96301e1656f23fc7977"},"headline":"Plan Intergeneracional de Extremadura 2020-2025","datePublished":"2020-12-21T09:59:35+00:00","dateModified":"2020-12-21T12:04:58+00:00","mainEntityOfPage":{"@id":"https:\/\/economiasocial.aupex.org\/index.php\/2020\/12\/21\/plan-intergeneracional-de-extremadura-2020-2025\/"},"wordCount":164,"publisher":{"@id":"https:\/\/economiasocial.aupex.org\/#organization"},"image":{"@id":"https:\/\/economiasocial.aupex.org\/index.php\/2020\/12\/21\/plan-intergeneracional-de-extremadura-2020-2025\/#primaryimage"},"thumbnailUrl":"https:\/\/i0.wp.com\/economiasocial.aupex.org\/wp-content\/uploads\/2020\/12\/Plan-Intergeneracional-de-Extremadura-2020-2025.png?fit=702%2C496&ssl=1","keywords":["economia social","Extremadura","Plan Intergeneracional de Extremadura 2020-2025"],"articleSection":["Noticias"],"inLanguage":"es"},{"@type":"WebPage","@id":"https:\/\/economiasocial.aupex.org\/index.php\/2020\/12\/21\/plan-intergeneracional-de-extremadura-2020-2025\/","url":"https:\/\/economiasocial.aupex.org\/index.php\/2020\/12\/21\/plan-intergeneracional-de-extremadura-2020-2025\/","name":"Plan Intergeneracional de Extremadura 2020-2025 - Econom\u00eda Social sin barreras","isPartOf":{"@id":"https:\/\/economiasocial.aupex.org\/#website"},"primaryImageOfPage":{"@id":"https:\/\/economiasocial.aupex.org\/index.php\/2020\/12\/21\/plan-intergeneracional-de-extremadura-2020-2025\/#primaryimage"},"image":{"@id":"https:\/\/economiasocial.aupex.org\/index.php\/2020\/12\/21\/plan-intergeneracional-de-extremadura-2020-2025\/#primaryimage"},"thumbnailUrl":"https:\/\/i0.wp.com\/economiasocial.aupex.org\/wp-content\/uploads\/2020\/12\/Plan-Intergeneracional-de-Extremadura-2020-2025.png?fit=702%2C496&ssl=1","datePublished":"2020-12-21T09:59:35+00:00","dateModified":"2020-12-21T12:04:58+00:00","description":"Plan Intergeneracional de Extremadura 2020-2025","breadcrumb":{"@id":"https:\/\/economiasocial.aupex.org\/index.php\/2020\/12\/21\/plan-intergeneracional-de-extremadura-2020-2025\/#breadcrumb"},"inLanguage":"es","potentialAction":[{"@type":"ReadAction","target":["https:\/\/economiasocial.aupex.org\/index.php\/2020\/12\/21\/plan-intergeneracional-de-extremadura-2020-2025\/"]}]},{"@type":"ImageObject","inLanguage":"es","@id":"https:\/\/economiasocial.aupex.org\/index.php\/2020\/12\/21\/plan-intergeneracional-de-extremadura-2020-2025\/#primaryimage","url":"https:\/\/i0.wp.com\/economiasocial.aupex.org\/wp-content\/uploads\/2020\/12\/Plan-Intergeneracional-de-Extremadura-2020-2025.png?fit=702%2C496&ssl=1","contentUrl":"https:\/\/i0.wp.com\/economiasocial.aupex.org\/wp-content\/uploads\/2020\/12\/Plan-Intergeneracional-de-Extremadura-2020-2025.png?fit=702%2C496&ssl=1","width":702,"height":496},{"@type":"BreadcrumbList","@id":"https:\/\/economiasocial.aupex.org\/index.php\/2020\/12\/21\/plan-intergeneracional-de-extremadura-2020-2025\/#breadcrumb","itemListElement":[{"@type":"ListItem","position":1,"name":"Portada","item":"https:\/\/economiasocial.aupex.org\/"},{"@type":"ListItem","position":2,"name":"Plan Intergeneracional de Extremadura 2020-2025"}]},{"@type":"WebSite","@id":"https:\/\/economiasocial.aupex.org\/#website","url":"https:\/\/economiasocial.aupex.org\/","name":"Econom\u00eda Social sin barreras","description":"Con las personas dependientes de Extremadura","publisher":{"@id":"https:\/\/economiasocial.aupex.org\/#organization"},"potentialAction":[{"@type":"SearchAction","target":{"@type":"EntryPoint","urlTemplate":"https:\/\/economiasocial.aupex.org\/?s={search_term_string}"},"query-input":{"@type":"PropertyValueSpecification","valueRequired":true,"valueName":"search_term_string"}}],"inLanguage":"es"},{"@type":"Organization","@id":"https:\/\/economiasocial.aupex.org\/#organization","name":"Econom\u00eda Social sin barreras","url":"https:\/\/economiasocial.aupex.org\/","logo":{"@type":"ImageObject","inLanguage":"es","@id":"https:\/\/economiasocial.aupex.org\/#\/schema\/logo\/image\/","url":"https:\/\/i2.wp.com\/economiasocial.aupex.org\/wp-content\/uploads\/2020\/12\/ES_logo.png?fit=1139%2C363","contentUrl":"https:\/\/i2.wp.com\/economiasocial.aupex.org\/wp-content\/uploads\/2020\/12\/ES_logo.png?fit=1139%2C363","width":1139,"height":363,"caption":"Econom\u00eda Social sin barreras"},"image":{"@id":"https:\/\/economiasocial.aupex.org\/#\/schema\/logo\/image\/"}},{"@type":"Person","@id":"https:\/\/economiasocial.aupex.org\/#\/schema\/person\/ae95cdad5353a96301e1656f23fc7977","name":"Econom\u00eda Social","image":{"@type":"ImageObject","inLanguage":"es","@id":"https:\/\/secure.gravatar.com\/avatar\/abad44c8e70f9c1fe0a0c40c578936c454468f2efa7117d1f3039f16bb5a68d9?s=96&d=mm&r=g","url":"https:\/\/secure.gravatar.com\/avatar\/abad44c8e70f9c1fe0a0c40c578936c454468f2efa7117d1f3039f16bb5a68d9?s=96&d=mm&r=g","contentUrl":"https:\/\/secure.gravatar.com\/avatar\/abad44c8e70f9c1fe0a0c40c578936c454468f2efa7117d1f3039f16bb5a68d9?s=96&d=mm&r=g","caption":"Econom\u00eda Social"},"sameAs":["http:\/\/www.aupex.org"],"url":"https:\/\/economiasocial.aupex.org\/index.php\/author\/admin\/"}]}},"jetpack_featured_media_url":"https:\/\/i0.wp.com\/economiasocial.aupex.org\/wp-content\/uploads\/2020\/12\/Plan-Intergeneracional-de-Extremadura-2020-2025.png?fit=702%2C496&ssl=1","jetpack_shortlink":"https:\/\/wp.me\/pasIM4-6r","jetpack-related-posts":[],"jetpack_sharing_enabled":true,"_links":{"self":[{"href":"https:\/\/economiasocial.aupex.org\/index.php\/wp-json\/wp\/v2\/posts\/399","targetHints":{"allow":["GET"]}}],"collection":[{"href":"https:\/\/economiasocial.aupex.org\/index.php\/wp-json\/wp\/v2\/posts"}],"about":[{"href":"https:\/\/economiasocial.aupex.org\/index.php\/wp-json\/wp\/v2\/types\/post"}],"author":[{"embeddable":true,"href":"https:\/\/economiasocial.aupex.org\/index.php\/wp-json\/wp\/v2\/users\/4"}],"replies":[{"embeddable":true,"href":"https:\/\/economiasocial.aupex.org\/index.php\/wp-json\/wp\/v2\/comments?post=399"}],"version-history":[{"count":4,"href":"https:\/\/economiasocial.aupex.org\/index.php\/wp-json\/wp\/v2\/posts\/399\/revisions"}],"predecessor-version":[{"id":407,"href":"https:\/\/economiasocial.aupex.org\/index.php\/wp-json\/wp\/v2\/posts\/399\/revisions\/407"}],"wp:featuredmedia":[{"embeddable":true,"href":"https:\/\/economiasocial.aupex.org\/index.php\/wp-json\/wp\/v2\/media\/406"}],"wp:attachment":[{"href":"https:\/\/economiasocial.aupex.org\/index.php\/wp-json\/wp\/v2\/media?parent=399"}],"wp:term":[{"taxonomy":"category","embeddable":true,"href":"https:\/\/economiasocial.aupex.org\/index.php\/wp-json\/wp\/v2\/categories?post=399"},{"taxonomy":"post_tag","embeddable":true,"href":"https:\/\/economiasocial.aupex.org\/index.php\/wp-json\/wp\/v2\/tags?post=399"}],"curies":[{"name":"wp","href":"https:\/\/api.w.org\/{rel}","templated":true}]}}